{"id":897,"date":"2024-05-15T22:46:16","date_gmt":"2024-05-15T22:46:16","guid":{"rendered":"https:\/\/mundovaquero.com\/?p=897"},"modified":"2024-05-15T22:46:51","modified_gmt":"2024-05-15T22:46:51","slug":"garth-brooks-se-presento-en-el-vaticano","status":"publish","type":"post","link":"https:\/\/mundovaquero.com\/index.php\/2024\/05\/15\/garth-brooks-se-presento-en-el-vaticano\/","title":{"rendered":"GARTH BROOKS SE PRESENTO EN EL VATICANO!"},"content":{"rendered":"<p>Como parte de un evento denominado &#8220;World Meeting on Human Fraternity&#8221; llevado a cabo en el Vaticano el pasado 13 de Mayo, se dieron cita diversas personalidades de el mundo como premios Nobel, atletas, cient\u00edficos y gobernantes, este evento auspiciado por una asociaci\u00f3n civil consto de una serie de mesas de dialogo donde se trataron temas de educaci\u00f3n, econom\u00eda, sustentabilidad entre otros con el objetivo de promover la fraternidad internacional y la paz mundial.<\/p>\n<p>El Papa Francisco tambi\u00e9n estuvo presente en dicho encuentro.<\/p>\n<p>El evento termino con una serie de presentaciones de artistas internacionales, destacando a Garth Brooks, quien interpreto algunos de sus temas mas importantes como &#8220;The River&#8221;, &#8220;The Change&#8221; y &#8220;To Make You Feel My Love&#8221;, todo esto en el p\u00f3rtico de la Bas\u00edlica de San Pedro, siendo esto una presentaci\u00f3n \u00fanica en la carrera de Garth Brooks, quien declar\u00f3 que aunque no era el lugar ara hacerlo, pero mucha gente en el publico le ped\u00eda cantara &#8220;Friends in Low Places&#8221; sin embargo por respeto al evento no lo hizo, aunque si comparti\u00f3 que el poder presentarse en un evento tan peculiar lo puso nervioso, ya que nunca hab\u00eda estado en Roma.<\/p>\n<p><iframe title=\"YouTube video player\" src=\"https:\/\/www.youtube.com\/embed\/VbagsWbBaQ0?si=3k0isXW9AZIwwRGq&amp;start=82\" width=\"560\" height=\"315\" frameborder=\"0\" allowfullscreen=\"allowfullscreen\"><\/iframe><\/p>\n","protected":false},"excerpt":{"rendered":"<p>Como parte de un evento denominado &#8220;World Meeting on Human Fraternity&#8221; llevado a cabo en&#8230;<\/p>\n","protected":false},"author":1,"featured_media":898,"comment_status":"closed","ping_status":"closed","sticky":false,"template":"","format":"standard","meta":{"footnotes":""},"categories":[3],"tags":[],"class_list":["post-897","post","type-post","status-publish","format-standard","has-post-thumbnail","hentry","category-noticia"],"yoast_head":"<!-- This site is optimized with the Yoast SEO plugin v27.4 - https:\/\/yoast.com\/product\/yoast-seo-wordpress\/ -->\n<title>GARTH BROOKS SE PRESENTO EN EL VATICANO! - www.mundovaquero.com<\/title>\n<meta name=\"robots\" content=\"index, follow, max-snippet:-1, max-image-preview:large, max-video-preview:-1\" \/>\n<link rel=\"canonical\" href=\"https:\/\/mundovaquero.com\/index.php\/2024\/05\/15\/garth-brooks-se-presento-en-el-vaticano\/\" \/>\n<meta property=\"og:locale\" content=\"en_US\" \/>\n<meta property=\"og:type\" content=\"article\" \/>\n<meta property=\"og:title\" content=\"GARTH BROOKS SE PRESENTO EN EL VATICANO! - www.mundovaquero.com\" \/>\n<meta property=\"og:description\" content=\"Como parte de un evento denominado &#8220;World Meeting on Human Fraternity&#8221; llevado a cabo en...\" \/>\n<meta property=\"og:url\" content=\"https:\/\/mundovaquero.com\/index.php\/2024\/05\/15\/garth-brooks-se-presento-en-el-vaticano\/\" \/>\n<meta property=\"og:site_name\" content=\"www.mundovaquero.com\" \/>\n<meta property=\"article:publisher\" content=\"https:\/\/www.facebook.com\/mundovaquero\" \/>\n<meta property=\"article:published_time\" content=\"2024-05-15T22:46:16+00:00\" \/>\n<meta property=\"article:modified_time\" content=\"2024-05-15T22:46:51+00:00\" \/>\n<meta property=\"og:image\" content=\"https:\/\/mundovaquero.com\/wp-content\/uploads\/2024\/05\/GB-VATICANO.webp\" \/>\n\t<meta property=\"og:image:width\" content=\"780\" \/>\n\t<meta property=\"og:image:height\" content=\"520\" \/>\n\t<meta property=\"og:image:type\" content=\"image\/webp\" \/>\n<meta name=\"author\" content=\"lucamoes\" \/>\n<meta name=\"twitter:card\" content=\"summary_large_image\" \/>\n<meta name=\"twitter:image\" content=\"https:\/\/mundovaquero.com\/wp-content\/uploads\/2024\/05\/GB-VATICANO.webp\" \/>\n<meta name=\"twitter:label1\" content=\"Written by\" \/>\n\t<meta name=\"twitter:data1\" content=\"lucamoes\" \/>\n\t<meta name=\"twitter:label2\" content=\"Est. reading time\" \/>\n\t<meta name=\"twitter:data2\" content=\"1 minute\" \/>\n<script type=\"application\/ld+json\" class=\"yoast-schema-graph\">{\"@context\":\"https:\\\/\\\/schema.org\",\"@graph\":[{\"@type\":\"Article\",\"@id\":\"https:\\\/\\\/mundovaquero.com\\\/index.php\\\/2024\\\/05\\\/15\\\/garth-brooks-se-presento-en-el-vaticano\\\/#article\",\"isPartOf\":{\"@id\":\"https:\\\/\\\/mundovaquero.com\\\/index.php\\\/2024\\\/05\\\/15\\\/garth-brooks-se-presento-en-el-vaticano\\\/\"},\"author\":{\"name\":\"lucamoes\",\"@id\":\"https:\\\/\\\/mundovaquero.com\\\/#\\\/schema\\\/person\\\/2925c383e13cf52adfee05ea75c946a7\"},\"headline\":\"GARTH BROOKS SE PRESENTO EN EL VATICANO!\",\"datePublished\":\"2024-05-15T22:46:16+00:00\",\"dateModified\":\"2024-05-15T22:46:51+00:00\",\"mainEntityOfPage\":{\"@id\":\"https:\\\/\\\/mundovaquero.com\\\/index.php\\\/2024\\\/05\\\/15\\\/garth-brooks-se-presento-en-el-vaticano\\\/\"},\"wordCount\":210,\"publisher\":{\"@id\":\"https:\\\/\\\/mundovaquero.com\\\/#organization\"},\"image\":{\"@id\":\"https:\\\/\\\/mundovaquero.com\\\/index.php\\\/2024\\\/05\\\/15\\\/garth-brooks-se-presento-en-el-vaticano\\\/#primaryimage\"},\"thumbnailUrl\":\"https:\\\/\\\/mundovaquero.com\\\/wp-content\\\/uploads\\\/2024\\\/05\\\/GB-VATICANO.webp\",\"articleSection\":[\"Noticia\"],\"inLanguage\":\"en-US\"},{\"@type\":\"WebPage\",\"@id\":\"https:\\\/\\\/mundovaquero.com\\\/index.php\\\/2024\\\/05\\\/15\\\/garth-brooks-se-presento-en-el-vaticano\\\/\",\"url\":\"https:\\\/\\\/mundovaquero.com\\\/index.php\\\/2024\\\/05\\\/15\\\/garth-brooks-se-presento-en-el-vaticano\\\/\",\"name\":\"GARTH BROOKS SE PRESENTO EN EL VATICANO! - www.mundovaquero.com\",\"isPartOf\":{\"@id\":\"https:\\\/\\\/mundovaquero.com\\\/#website\"},\"primaryImageOfPage\":{\"@id\":\"https:\\\/\\\/mundovaquero.com\\\/index.php\\\/2024\\\/05\\\/15\\\/garth-brooks-se-presento-en-el-vaticano\\\/#primaryimage\"},\"image\":{\"@id\":\"https:\\\/\\\/mundovaquero.com\\\/index.php\\\/2024\\\/05\\\/15\\\/garth-brooks-se-presento-en-el-vaticano\\\/#primaryimage\"},\"thumbnailUrl\":\"https:\\\/\\\/mundovaquero.com\\\/wp-content\\\/uploads\\\/2024\\\/05\\\/GB-VATICANO.webp\",\"datePublished\":\"2024-05-15T22:46:16+00:00\",\"dateModified\":\"2024-05-15T22:46:51+00:00\",\"breadcrumb\":{\"@id\":\"https:\\\/\\\/mundovaquero.com\\\/index.php\\\/2024\\\/05\\\/15\\\/garth-brooks-se-presento-en-el-vaticano\\\/#breadcrumb\"},\"inLanguage\":\"en-US\",\"potentialAction\":[{\"@type\":\"ReadAction\",\"target\":[\"https:\\\/\\\/mundovaquero.com\\\/index.php\\\/2024\\\/05\\\/15\\\/garth-brooks-se-presento-en-el-vaticano\\\/\"]}]},{\"@type\":\"ImageObject\",\"inLanguage\":\"en-US\",\"@id\":\"https:\\\/\\\/mundovaquero.com\\\/index.php\\\/2024\\\/05\\\/15\\\/garth-brooks-se-presento-en-el-vaticano\\\/#primaryimage\",\"url\":\"https:\\\/\\\/mundovaquero.com\\\/wp-content\\\/uploads\\\/2024\\\/05\\\/GB-VATICANO.webp\",\"contentUrl\":\"https:\\\/\\\/mundovaquero.com\\\/wp-content\\\/uploads\\\/2024\\\/05\\\/GB-VATICANO.webp\",\"width\":780,\"height\":520},{\"@type\":\"BreadcrumbList\",\"@id\":\"https:\\\/\\\/mundovaquero.com\\\/index.php\\\/2024\\\/05\\\/15\\\/garth-brooks-se-presento-en-el-vaticano\\\/#breadcrumb\",\"itemListElement\":[{\"@type\":\"ListItem\",\"position\":1,\"name\":\"Portada\",\"item\":\"https:\\\/\\\/mundovaquero.com\\\/\"},{\"@type\":\"ListItem\",\"position\":2,\"name\":\"GARTH BROOKS SE PRESENTO EN EL VATICANO!\"}]},{\"@type\":\"WebSite\",\"@id\":\"https:\\\/\\\/mundovaquero.com\\\/#website\",\"url\":\"https:\\\/\\\/mundovaquero.com\\\/\",\"name\":\"www.mundovaquero.com\",\"description\":\"El Sitio Oficial de los Vaqueros!\",\"publisher\":{\"@id\":\"https:\\\/\\\/mundovaquero.com\\\/#organization\"},\"potentialAction\":[{\"@type\":\"SearchAction\",\"target\":{\"@type\":\"EntryPoint\",\"urlTemplate\":\"https:\\\/\\\/mundovaquero.com\\\/?s={search_term_string}\"},\"query-input\":{\"@type\":\"PropertyValueSpecification\",\"valueRequired\":true,\"valueName\":\"search_term_string\"}}],\"inLanguage\":\"en-US\"},{\"@type\":\"Organization\",\"@id\":\"https:\\\/\\\/mundovaquero.com\\\/#organization\",\"name\":\"www.mundovaquero.com\",\"url\":\"https:\\\/\\\/mundovaquero.com\\\/\",\"logo\":{\"@type\":\"ImageObject\",\"inLanguage\":\"en-US\",\"@id\":\"https:\\\/\\\/mundovaquero.com\\\/#\\\/schema\\\/logo\\\/image\\\/\",\"url\":\"https:\\\/\\\/mundovaquero.com\\\/wp-content\\\/uploads\\\/2023\\\/01\\\/cropped-AVATAR-MVR-17-ANIV.jpeg\",\"contentUrl\":\"https:\\\/\\\/mundovaquero.com\\\/wp-content\\\/uploads\\\/2023\\\/01\\\/cropped-AVATAR-MVR-17-ANIV.jpeg\",\"width\":512,\"height\":512,\"caption\":\"www.mundovaquero.com\"},\"image\":{\"@id\":\"https:\\\/\\\/mundovaquero.com\\\/#\\\/schema\\\/logo\\\/image\\\/\"},\"sameAs\":[\"https:\\\/\\\/www.facebook.com\\\/mundovaquero\"]},{\"@type\":\"Person\",\"@id\":\"https:\\\/\\\/mundovaquero.com\\\/#\\\/schema\\\/person\\\/2925c383e13cf52adfee05ea75c946a7\",\"name\":\"lucamoes\",\"image\":{\"@type\":\"ImageObject\",\"inLanguage\":\"en-US\",\"@id\":\"https:\\\/\\\/secure.gravatar.com\\\/avatar\\\/e96f9646d8048a986c9820fcfbf1064670168dda668f4e845ea21776ff7810ed?s=96&d=mm&r=g\",\"url\":\"https:\\\/\\\/secure.gravatar.com\\\/avatar\\\/e96f9646d8048a986c9820fcfbf1064670168dda668f4e845ea21776ff7810ed?s=96&d=mm&r=g\",\"contentUrl\":\"https:\\\/\\\/secure.gravatar.com\\\/avatar\\\/e96f9646d8048a986c9820fcfbf1064670168dda668f4e845ea21776ff7810ed?s=96&d=mm&r=g\",\"caption\":\"lucamoes\"},\"sameAs\":[\"https:\\\/\\\/mundovaquero.com\"],\"url\":\"https:\\\/\\\/mundovaquero.com\\\/index.php\\\/author\\\/lucamoes\\\/\"}]}<\/script>\n<!-- \/ Yoast SEO plugin. -->","yoast_head_json":{"title":"GARTH BROOKS SE PRESENTO EN EL VATICANO! - www.mundovaquero.com","robots":{"index":"index","follow":"follow","max-snippet":"max-snippet:-1","max-image-preview":"max-image-preview:large","max-video-preview":"max-video-preview:-1"},"canonical":"https:\/\/mundovaquero.com\/index.php\/2024\/05\/15\/garth-brooks-se-presento-en-el-vaticano\/","og_locale":"en_US","og_type":"article","og_title":"GARTH BROOKS SE PRESENTO EN EL VATICANO! - www.mundovaquero.com","og_description":"Como parte de un evento denominado &#8220;World Meeting on Human Fraternity&#8221; llevado a cabo en...","og_url":"https:\/\/mundovaquero.com\/index.php\/2024\/05\/15\/garth-brooks-se-presento-en-el-vaticano\/","og_site_name":"www.mundovaquero.com","article_publisher":"https:\/\/www.facebook.com\/mundovaquero","article_published_time":"2024-05-15T22:46:16+00:00","article_modified_time":"2024-05-15T22:46:51+00:00","og_image":[{"width":780,"height":520,"url":"https:\/\/mundovaquero.com\/wp-content\/uploads\/2024\/05\/GB-VATICANO.webp","type":"image\/webp"}],"author":"lucamoes","twitter_card":"summary_large_image","twitter_image":"https:\/\/mundovaquero.com\/wp-content\/uploads\/2024\/05\/GB-VATICANO.webp","twitter_misc":{"Written by":"lucamoes","Est. reading time":"1 minute"},"schema":{"@context":"https:\/\/schema.org","@graph":[{"@type":"Article","@id":"https:\/\/mundovaquero.com\/index.php\/2024\/05\/15\/garth-brooks-se-presento-en-el-vaticano\/#article","isPartOf":{"@id":"https:\/\/mundovaquero.com\/index.php\/2024\/05\/15\/garth-brooks-se-presento-en-el-vaticano\/"},"author":{"name":"lucamoes","@id":"https:\/\/mundovaquero.com\/#\/schema\/person\/2925c383e13cf52adfee05ea75c946a7"},"headline":"GARTH BROOKS SE PRESENTO EN EL VATICANO!","datePublished":"2024-05-15T22:46:16+00:00","dateModified":"2024-05-15T22:46:51+00:00","mainEntityOfPage":{"@id":"https:\/\/mundovaquero.com\/index.php\/2024\/05\/15\/garth-brooks-se-presento-en-el-vaticano\/"},"wordCount":210,"publisher":{"@id":"https:\/\/mundovaquero.com\/#organization"},"image":{"@id":"https:\/\/mundovaquero.com\/index.php\/2024\/05\/15\/garth-brooks-se-presento-en-el-vaticano\/#primaryimage"},"thumbnailUrl":"https:\/\/mundovaquero.com\/wp-content\/uploads\/2024\/05\/GB-VATICANO.webp","articleSection":["Noticia"],"inLanguage":"en-US"},{"@type":"WebPage","@id":"https:\/\/mundovaquero.com\/index.php\/2024\/05\/15\/garth-brooks-se-presento-en-el-vaticano\/","url":"https:\/\/mundovaquero.com\/index.php\/2024\/05\/15\/garth-brooks-se-presento-en-el-vaticano\/","name":"GARTH BROOKS SE PRESENTO EN EL VATICANO! - www.mundovaquero.com","isPartOf":{"@id":"https:\/\/mundovaquero.com\/#website"},"primaryImageOfPage":{"@id":"https:\/\/mundovaquero.com\/index.php\/2024\/05\/15\/garth-brooks-se-presento-en-el-vaticano\/#primaryimage"},"image":{"@id":"https:\/\/mundovaquero.com\/index.php\/2024\/05\/15\/garth-brooks-se-presento-en-el-vaticano\/#primaryimage"},"thumbnailUrl":"https:\/\/mundovaquero.com\/wp-content\/uploads\/2024\/05\/GB-VATICANO.webp","datePublished":"2024-05-15T22:46:16+00:00","dateModified":"2024-05-15T22:46:51+00:00","breadcrumb":{"@id":"https:\/\/mundovaquero.com\/index.php\/2024\/05\/15\/garth-brooks-se-presento-en-el-vaticano\/#breadcrumb"},"inLanguage":"en-US","potentialAction":[{"@type":"ReadAction","target":["https:\/\/mundovaquero.com\/index.php\/2024\/05\/15\/garth-brooks-se-presento-en-el-vaticano\/"]}]},{"@type":"ImageObject","inLanguage":"en-US","@id":"https:\/\/mundovaquero.com\/index.php\/2024\/05\/15\/garth-brooks-se-presento-en-el-vaticano\/#primaryimage","url":"https:\/\/mundovaquero.com\/wp-content\/uploads\/2024\/05\/GB-VATICANO.webp","contentUrl":"https:\/\/mundovaquero.com\/wp-content\/uploads\/2024\/05\/GB-VATICANO.webp","width":780,"height":520},{"@type":"BreadcrumbList","@id":"https:\/\/mundovaquero.com\/index.php\/2024\/05\/15\/garth-brooks-se-presento-en-el-vaticano\/#breadcrumb","itemListElement":[{"@type":"ListItem","position":1,"name":"Portada","item":"https:\/\/mundovaquero.com\/"},{"@type":"ListItem","position":2,"name":"GARTH BROOKS SE PRESENTO EN EL VATICANO!"}]},{"@type":"WebSite","@id":"https:\/\/mundovaquero.com\/#website","url":"https:\/\/mundovaquero.com\/","name":"www.mundovaquero.com","description":"El Sitio Oficial de los Vaqueros!","publisher":{"@id":"https:\/\/mundovaquero.com\/#organization"},"potentialAction":[{"@type":"SearchAction","target":{"@type":"EntryPoint","urlTemplate":"https:\/\/mundovaquero.com\/?s={search_term_string}"},"query-input":{"@type":"PropertyValueSpecification","valueRequired":true,"valueName":"search_term_string"}}],"inLanguage":"en-US"},{"@type":"Organization","@id":"https:\/\/mundovaquero.com\/#organization","name":"www.mundovaquero.com","url":"https:\/\/mundovaquero.com\/","logo":{"@type":"ImageObject","inLanguage":"en-US","@id":"https:\/\/mundovaquero.com\/#\/schema\/logo\/image\/","url":"https:\/\/mundovaquero.com\/wp-content\/uploads\/2023\/01\/cropped-AVATAR-MVR-17-ANIV.jpeg","contentUrl":"https:\/\/mundovaquero.com\/wp-content\/uploads\/2023\/01\/cropped-AVATAR-MVR-17-ANIV.jpeg","width":512,"height":512,"caption":"www.mundovaquero.com"},"image":{"@id":"https:\/\/mundovaquero.com\/#\/schema\/logo\/image\/"},"sameAs":["https:\/\/www.facebook.com\/mundovaquero"]},{"@type":"Person","@id":"https:\/\/mundovaquero.com\/#\/schema\/person\/2925c383e13cf52adfee05ea75c946a7","name":"lucamoes","image":{"@type":"ImageObject","inLanguage":"en-US","@id":"https:\/\/secure.gravatar.com\/avatar\/e96f9646d8048a986c9820fcfbf1064670168dda668f4e845ea21776ff7810ed?s=96&d=mm&r=g","url":"https:\/\/secure.gravatar.com\/avatar\/e96f9646d8048a986c9820fcfbf1064670168dda668f4e845ea21776ff7810ed?s=96&d=mm&r=g","contentUrl":"https:\/\/secure.gravatar.com\/avatar\/e96f9646d8048a986c9820fcfbf1064670168dda668f4e845ea21776ff7810ed?s=96&d=mm&r=g","caption":"lucamoes"},"sameAs":["https:\/\/mundovaquero.com"],"url":"https:\/\/mundovaquero.com\/index.php\/author\/lucamoes\/"}]}},"_links":{"self":[{"href":"https:\/\/mundovaquero.com\/index.php\/wp-json\/wp\/v2\/posts\/897","targetHints":{"allow":["GET"]}}],"collection":[{"href":"https:\/\/mundovaquero.com\/index.php\/wp-json\/wp\/v2\/posts"}],"about":[{"href":"https:\/\/mundovaquero.com\/index.php\/wp-json\/wp\/v2\/types\/post"}],"author":[{"embeddable":true,"href":"https:\/\/mundovaquero.com\/index.php\/wp-json\/wp\/v2\/users\/1"}],"replies":[{"embeddable":true,"href":"https:\/\/mundovaquero.com\/index.php\/wp-json\/wp\/v2\/comments?post=897"}],"version-history":[{"count":3,"href":"https:\/\/mundovaquero.com\/index.php\/wp-json\/wp\/v2\/posts\/897\/revisions"}],"predecessor-version":[{"id":901,"href":"https:\/\/mundovaquero.com\/index.php\/wp-json\/wp\/v2\/posts\/897\/revisions\/901"}],"wp:featuredmedia":[{"embeddable":true,"href":"https:\/\/mundovaquero.com\/index.php\/wp-json\/wp\/v2\/media\/898"}],"wp:attachment":[{"href":"https:\/\/mundovaquero.com\/index.php\/wp-json\/wp\/v2\/media?parent=897"}],"wp:term":[{"taxonomy":"category","embeddable":true,"href":"https:\/\/mundovaquero.com\/index.php\/wp-json\/wp\/v2\/categories?post=897"},{"taxonomy":"post_tag","embeddable":true,"href":"https:\/\/mundovaquero.com\/index.php\/wp-json\/wp\/v2\/tags?post=897"}],"curies":[{"name":"wp","href":"https:\/\/api.w.org\/{rel}","templated":true}]}}