{"id":880,"date":"2024-05-06T18:21:05","date_gmt":"2024-05-06T18:21:05","guid":{"rendered":"https:\/\/mundovaquero.com\/?p=880"},"modified":"2024-05-06T18:21:05","modified_gmt":"2024-05-06T18:21:05","slug":"randy-travis-estrena-tema-con-ia","status":"publish","type":"post","link":"https:\/\/mundovaquero.com\/index.php\/2024\/05\/06\/randy-travis-estrena-tema-con-ia\/","title":{"rendered":"RANDY TRAVIS ESTRENA TEMA&#8230; CON IA"},"content":{"rendered":"<p>Fue en el a\u00f1o 2013 cuando Randy Travis tuvo un gran cambio en su vida, y es que sufri\u00f3 de un derrame mismo que le imposibilito retomar su carrera, hasta la fecha.<br \/>\nRandy a relanzado varios temas que hab\u00eda grabado antes de su incidente, y esto lo ha mantenido vigente en estos mas de 10 a\u00f1os, as\u00ed como colaboraciones y apariciones en entregas de premios en los cuales ha demostrado estar lucido aunque no se puede ocultar los estragos que dejo su complicaci\u00f3n de salud, mismos que por supuesto le han impedido grabar nuevos temas.<br \/>\nSin embargo la era de la Inteligencia Artificial nos ha alcanzado y Randy Travis y su equipo han decidido optar por utilizarla, lanzando el tema &#8220;Where that came from&#8221;, este tema reci\u00e9n estrenado ha dividido opiniones, ya que muchos de sus fans no les importa el que sea una Inteligencia Artificial siempre y cuando Randy lo apruebe, pero hay otros que acusan este acto de ser prejudicial para la industria de la m\u00fasica.<br \/>\nCada quien tiene su opini\u00f3n, cual es la tuya?<br \/>\nDisfruta d el video oficial de &#8220;Where that came from&#8221;.<\/p>\n<p><iframe title=\"YouTube video player\" src=\"https:\/\/www.youtube.com\/embed\/azCEpoYLxeg?si=UxJ2zBcWnwm0qYk_\" width=\"560\" height=\"315\" frameborder=\"0\" allowfullscreen=\"allowfullscreen\"><\/iframe><\/p>\n<p>&nbsp;<\/p>\n","protected":false},"excerpt":{"rendered":"<p>Fue en el a\u00f1o 2013 cuando Randy Travis tuvo un gran cambio en su vida,&#8230;<\/p>\n","protected":false},"author":1,"featured_media":881,"comment_status":"closed","ping_status":"closed","sticky":false,"template":"","format":"standard","meta":{"footnotes":""},"categories":[3],"tags":[],"class_list":["post-880","post","type-post","status-publish","format-standard","has-post-thumbnail","hentry","category-noticia"],"yoast_head":"<!-- This site is optimized with the Yoast SEO plugin v27.4 - https:\/\/yoast.com\/product\/yoast-seo-wordpress\/ -->\n<title>RANDY TRAVIS ESTRENA TEMA... CON IA - www.mundovaquero.com<\/title>\n<meta name=\"robots\" content=\"index, follow, max-snippet:-1, max-image-preview:large, max-video-preview:-1\" \/>\n<link rel=\"canonical\" href=\"https:\/\/mundovaquero.com\/index.php\/2024\/05\/06\/randy-travis-estrena-tema-con-ia\/\" \/>\n<meta property=\"og:locale\" content=\"en_US\" \/>\n<meta property=\"og:type\" content=\"article\" \/>\n<meta property=\"og:title\" content=\"RANDY TRAVIS ESTRENA TEMA... CON IA - www.mundovaquero.com\" \/>\n<meta property=\"og:description\" content=\"Fue en el a\u00f1o 2013 cuando Randy Travis tuvo un gran cambio en su vida,...\" \/>\n<meta property=\"og:url\" content=\"https:\/\/mundovaquero.com\/index.php\/2024\/05\/06\/randy-travis-estrena-tema-con-ia\/\" \/>\n<meta property=\"og:site_name\" content=\"www.mundovaquero.com\" \/>\n<meta property=\"article:publisher\" content=\"https:\/\/www.facebook.com\/mundovaquero\" \/>\n<meta property=\"article:published_time\" content=\"2024-05-06T18:21:05+00:00\" \/>\n<meta property=\"og:image\" content=\"https:\/\/mundovaquero.com\/wp-content\/uploads\/2024\/05\/RANDY-TRAVIS.jpg\" \/>\n\t<meta property=\"og:image:width\" content=\"640\" \/>\n\t<meta property=\"og:image:height\" content=\"319\" \/>\n\t<meta property=\"og:image:type\" content=\"image\/jpeg\" \/>\n<meta name=\"author\" content=\"lucamoes\" \/>\n<meta name=\"twitter:card\" content=\"summary_large_image\" \/>\n<meta name=\"twitter:image\" content=\"https:\/\/mundovaquero.com\/wp-content\/uploads\/2024\/05\/RANDY-TRAVIS.jpg\" \/>\n<meta name=\"twitter:label1\" content=\"Written by\" \/>\n\t<meta name=\"twitter:data1\" content=\"lucamoes\" \/>\n\t<meta name=\"twitter:label2\" content=\"Est. reading time\" \/>\n\t<meta name=\"twitter:data2\" content=\"1 minute\" \/>\n<script type=\"application\/ld+json\" class=\"yoast-schema-graph\">{\"@context\":\"https:\\\/\\\/schema.org\",\"@graph\":[{\"@type\":\"Article\",\"@id\":\"https:\\\/\\\/mundovaquero.com\\\/index.php\\\/2024\\\/05\\\/06\\\/randy-travis-estrena-tema-con-ia\\\/#article\",\"isPartOf\":{\"@id\":\"https:\\\/\\\/mundovaquero.com\\\/index.php\\\/2024\\\/05\\\/06\\\/randy-travis-estrena-tema-con-ia\\\/\"},\"author\":{\"name\":\"lucamoes\",\"@id\":\"https:\\\/\\\/mundovaquero.com\\\/#\\\/schema\\\/person\\\/2925c383e13cf52adfee05ea75c946a7\"},\"headline\":\"RANDY TRAVIS ESTRENA TEMA&#8230; CON IA\",\"datePublished\":\"2024-05-06T18:21:05+00:00\",\"mainEntityOfPage\":{\"@id\":\"https:\\\/\\\/mundovaquero.com\\\/index.php\\\/2024\\\/05\\\/06\\\/randy-travis-estrena-tema-con-ia\\\/\"},\"wordCount\":199,\"publisher\":{\"@id\":\"https:\\\/\\\/mundovaquero.com\\\/#organization\"},\"image\":{\"@id\":\"https:\\\/\\\/mundovaquero.com\\\/index.php\\\/2024\\\/05\\\/06\\\/randy-travis-estrena-tema-con-ia\\\/#primaryimage\"},\"thumbnailUrl\":\"https:\\\/\\\/mundovaquero.com\\\/wp-content\\\/uploads\\\/2024\\\/05\\\/RANDY-TRAVIS.jpg\",\"articleSection\":[\"Noticia\"],\"inLanguage\":\"en-US\"},{\"@type\":\"WebPage\",\"@id\":\"https:\\\/\\\/mundovaquero.com\\\/index.php\\\/2024\\\/05\\\/06\\\/randy-travis-estrena-tema-con-ia\\\/\",\"url\":\"https:\\\/\\\/mundovaquero.com\\\/index.php\\\/2024\\\/05\\\/06\\\/randy-travis-estrena-tema-con-ia\\\/\",\"name\":\"RANDY TRAVIS ESTRENA TEMA... CON IA - www.mundovaquero.com\",\"isPartOf\":{\"@id\":\"https:\\\/\\\/mundovaquero.com\\\/#website\"},\"primaryImageOfPage\":{\"@id\":\"https:\\\/\\\/mundovaquero.com\\\/index.php\\\/2024\\\/05\\\/06\\\/randy-travis-estrena-tema-con-ia\\\/#primaryimage\"},\"image\":{\"@id\":\"https:\\\/\\\/mundovaquero.com\\\/index.php\\\/2024\\\/05\\\/06\\\/randy-travis-estrena-tema-con-ia\\\/#primaryimage\"},\"thumbnailUrl\":\"https:\\\/\\\/mundovaquero.com\\\/wp-content\\\/uploads\\\/2024\\\/05\\\/RANDY-TRAVIS.jpg\",\"datePublished\":\"2024-05-06T18:21:05+00:00\",\"breadcrumb\":{\"@id\":\"https:\\\/\\\/mundovaquero.com\\\/index.php\\\/2024\\\/05\\\/06\\\/randy-travis-estrena-tema-con-ia\\\/#breadcrumb\"},\"inLanguage\":\"en-US\",\"potentialAction\":[{\"@type\":\"ReadAction\",\"target\":[\"https:\\\/\\\/mundovaquero.com\\\/index.php\\\/2024\\\/05\\\/06\\\/randy-travis-estrena-tema-con-ia\\\/\"]}]},{\"@type\":\"ImageObject\",\"inLanguage\":\"en-US\",\"@id\":\"https:\\\/\\\/mundovaquero.com\\\/index.php\\\/2024\\\/05\\\/06\\\/randy-travis-estrena-tema-con-ia\\\/#primaryimage\",\"url\":\"https:\\\/\\\/mundovaquero.com\\\/wp-content\\\/uploads\\\/2024\\\/05\\\/RANDY-TRAVIS.jpg\",\"contentUrl\":\"https:\\\/\\\/mundovaquero.com\\\/wp-content\\\/uploads\\\/2024\\\/05\\\/RANDY-TRAVIS.jpg\",\"width\":640,\"height\":319},{\"@type\":\"BreadcrumbList\",\"@id\":\"https:\\\/\\\/mundovaquero.com\\\/index.php\\\/2024\\\/05\\\/06\\\/randy-travis-estrena-tema-con-ia\\\/#breadcrumb\",\"itemListElement\":[{\"@type\":\"ListItem\",\"position\":1,\"name\":\"Portada\",\"item\":\"https:\\\/\\\/mundovaquero.com\\\/\"},{\"@type\":\"ListItem\",\"position\":2,\"name\":\"RANDY TRAVIS ESTRENA TEMA&#8230; CON IA\"}]},{\"@type\":\"WebSite\",\"@id\":\"https:\\\/\\\/mundovaquero.com\\\/#website\",\"url\":\"https:\\\/\\\/mundovaquero.com\\\/\",\"name\":\"www.mundovaquero.com\",\"description\":\"El Sitio Oficial de los Vaqueros!\",\"publisher\":{\"@id\":\"https:\\\/\\\/mundovaquero.com\\\/#organization\"},\"potentialAction\":[{\"@type\":\"SearchAction\",\"target\":{\"@type\":\"EntryPoint\",\"urlTemplate\":\"https:\\\/\\\/mundovaquero.com\\\/?s={search_term_string}\"},\"query-input\":{\"@type\":\"PropertyValueSpecification\",\"valueRequired\":true,\"valueName\":\"search_term_string\"}}],\"inLanguage\":\"en-US\"},{\"@type\":\"Organization\",\"@id\":\"https:\\\/\\\/mundovaquero.com\\\/#organization\",\"name\":\"www.mundovaquero.com\",\"url\":\"https:\\\/\\\/mundovaquero.com\\\/\",\"logo\":{\"@type\":\"ImageObject\",\"inLanguage\":\"en-US\",\"@id\":\"https:\\\/\\\/mundovaquero.com\\\/#\\\/schema\\\/logo\\\/image\\\/\",\"url\":\"https:\\\/\\\/mundovaquero.com\\\/wp-content\\\/uploads\\\/2023\\\/01\\\/cropped-AVATAR-MVR-17-ANIV.jpeg\",\"contentUrl\":\"https:\\\/\\\/mundovaquero.com\\\/wp-content\\\/uploads\\\/2023\\\/01\\\/cropped-AVATAR-MVR-17-ANIV.jpeg\",\"width\":512,\"height\":512,\"caption\":\"www.mundovaquero.com\"},\"image\":{\"@id\":\"https:\\\/\\\/mundovaquero.com\\\/#\\\/schema\\\/logo\\\/image\\\/\"},\"sameAs\":[\"https:\\\/\\\/www.facebook.com\\\/mundovaquero\"]},{\"@type\":\"Person\",\"@id\":\"https:\\\/\\\/mundovaquero.com\\\/#\\\/schema\\\/person\\\/2925c383e13cf52adfee05ea75c946a7\",\"name\":\"lucamoes\",\"image\":{\"@type\":\"ImageObject\",\"inLanguage\":\"en-US\",\"@id\":\"https:\\\/\\\/secure.gravatar.com\\\/avatar\\\/e96f9646d8048a986c9820fcfbf1064670168dda668f4e845ea21776ff7810ed?s=96&d=mm&r=g\",\"url\":\"https:\\\/\\\/secure.gravatar.com\\\/avatar\\\/e96f9646d8048a986c9820fcfbf1064670168dda668f4e845ea21776ff7810ed?s=96&d=mm&r=g\",\"contentUrl\":\"https:\\\/\\\/secure.gravatar.com\\\/avatar\\\/e96f9646d8048a986c9820fcfbf1064670168dda668f4e845ea21776ff7810ed?s=96&d=mm&r=g\",\"caption\":\"lucamoes\"},\"sameAs\":[\"https:\\\/\\\/mundovaquero.com\"],\"url\":\"https:\\\/\\\/mundovaquero.com\\\/index.php\\\/author\\\/lucamoes\\\/\"}]}<\/script>\n<!-- \/ Yoast SEO plugin. -->","yoast_head_json":{"title":"RANDY TRAVIS ESTRENA TEMA... CON IA - www.mundovaquero.com","robots":{"index":"index","follow":"follow","max-snippet":"max-snippet:-1","max-image-preview":"max-image-preview:large","max-video-preview":"max-video-preview:-1"},"canonical":"https:\/\/mundovaquero.com\/index.php\/2024\/05\/06\/randy-travis-estrena-tema-con-ia\/","og_locale":"en_US","og_type":"article","og_title":"RANDY TRAVIS ESTRENA TEMA... CON IA - www.mundovaquero.com","og_description":"Fue en el a\u00f1o 2013 cuando Randy Travis tuvo un gran cambio en su vida,...","og_url":"https:\/\/mundovaquero.com\/index.php\/2024\/05\/06\/randy-travis-estrena-tema-con-ia\/","og_site_name":"www.mundovaquero.com","article_publisher":"https:\/\/www.facebook.com\/mundovaquero","article_published_time":"2024-05-06T18:21:05+00:00","og_image":[{"width":640,"height":319,"url":"https:\/\/mundovaquero.com\/wp-content\/uploads\/2024\/05\/RANDY-TRAVIS.jpg","type":"image\/jpeg"}],"author":"lucamoes","twitter_card":"summary_large_image","twitter_image":"https:\/\/mundovaquero.com\/wp-content\/uploads\/2024\/05\/RANDY-TRAVIS.jpg","twitter_misc":{"Written by":"lucamoes","Est. reading time":"1 minute"},"schema":{"@context":"https:\/\/schema.org","@graph":[{"@type":"Article","@id":"https:\/\/mundovaquero.com\/index.php\/2024\/05\/06\/randy-travis-estrena-tema-con-ia\/#article","isPartOf":{"@id":"https:\/\/mundovaquero.com\/index.php\/2024\/05\/06\/randy-travis-estrena-tema-con-ia\/"},"author":{"name":"lucamoes","@id":"https:\/\/mundovaquero.com\/#\/schema\/person\/2925c383e13cf52adfee05ea75c946a7"},"headline":"RANDY TRAVIS ESTRENA TEMA&#8230; CON IA","datePublished":"2024-05-06T18:21:05+00:00","mainEntityOfPage":{"@id":"https:\/\/mundovaquero.com\/index.php\/2024\/05\/06\/randy-travis-estrena-tema-con-ia\/"},"wordCount":199,"publisher":{"@id":"https:\/\/mundovaquero.com\/#organization"},"image":{"@id":"https:\/\/mundovaquero.com\/index.php\/2024\/05\/06\/randy-travis-estrena-tema-con-ia\/#primaryimage"},"thumbnailUrl":"https:\/\/mundovaquero.com\/wp-content\/uploads\/2024\/05\/RANDY-TRAVIS.jpg","articleSection":["Noticia"],"inLanguage":"en-US"},{"@type":"WebPage","@id":"https:\/\/mundovaquero.com\/index.php\/2024\/05\/06\/randy-travis-estrena-tema-con-ia\/","url":"https:\/\/mundovaquero.com\/index.php\/2024\/05\/06\/randy-travis-estrena-tema-con-ia\/","name":"RANDY TRAVIS ESTRENA TEMA... CON IA - www.mundovaquero.com","isPartOf":{"@id":"https:\/\/mundovaquero.com\/#website"},"primaryImageOfPage":{"@id":"https:\/\/mundovaquero.com\/index.php\/2024\/05\/06\/randy-travis-estrena-tema-con-ia\/#primaryimage"},"image":{"@id":"https:\/\/mundovaquero.com\/index.php\/2024\/05\/06\/randy-travis-estrena-tema-con-ia\/#primaryimage"},"thumbnailUrl":"https:\/\/mundovaquero.com\/wp-content\/uploads\/2024\/05\/RANDY-TRAVIS.jpg","datePublished":"2024-05-06T18:21:05+00:00","breadcrumb":{"@id":"https:\/\/mundovaquero.com\/index.php\/2024\/05\/06\/randy-travis-estrena-tema-con-ia\/#breadcrumb"},"inLanguage":"en-US","potentialAction":[{"@type":"ReadAction","target":["https:\/\/mundovaquero.com\/index.php\/2024\/05\/06\/randy-travis-estrena-tema-con-ia\/"]}]},{"@type":"ImageObject","inLanguage":"en-US","@id":"https:\/\/mundovaquero.com\/index.php\/2024\/05\/06\/randy-travis-estrena-tema-con-ia\/#primaryimage","url":"https:\/\/mundovaquero.com\/wp-content\/uploads\/2024\/05\/RANDY-TRAVIS.jpg","contentUrl":"https:\/\/mundovaquero.com\/wp-content\/uploads\/2024\/05\/RANDY-TRAVIS.jpg","width":640,"height":319},{"@type":"BreadcrumbList","@id":"https:\/\/mundovaquero.com\/index.php\/2024\/05\/06\/randy-travis-estrena-tema-con-ia\/#breadcrumb","itemListElement":[{"@type":"ListItem","position":1,"name":"Portada","item":"https:\/\/mundovaquero.com\/"},{"@type":"ListItem","position":2,"name":"RANDY TRAVIS ESTRENA TEMA&#8230; CON IA"}]},{"@type":"WebSite","@id":"https:\/\/mundovaquero.com\/#website","url":"https:\/\/mundovaquero.com\/","name":"www.mundovaquero.com","description":"El Sitio Oficial de los Vaqueros!","publisher":{"@id":"https:\/\/mundovaquero.com\/#organization"},"potentialAction":[{"@type":"SearchAction","target":{"@type":"EntryPoint","urlTemplate":"https:\/\/mundovaquero.com\/?s={search_term_string}"},"query-input":{"@type":"PropertyValueSpecification","valueRequired":true,"valueName":"search_term_string"}}],"inLanguage":"en-US"},{"@type":"Organization","@id":"https:\/\/mundovaquero.com\/#organization","name":"www.mundovaquero.com","url":"https:\/\/mundovaquero.com\/","logo":{"@type":"ImageObject","inLanguage":"en-US","@id":"https:\/\/mundovaquero.com\/#\/schema\/logo\/image\/","url":"https:\/\/mundovaquero.com\/wp-content\/uploads\/2023\/01\/cropped-AVATAR-MVR-17-ANIV.jpeg","contentUrl":"https:\/\/mundovaquero.com\/wp-content\/uploads\/2023\/01\/cropped-AVATAR-MVR-17-ANIV.jpeg","width":512,"height":512,"caption":"www.mundovaquero.com"},"image":{"@id":"https:\/\/mundovaquero.com\/#\/schema\/logo\/image\/"},"sameAs":["https:\/\/www.facebook.com\/mundovaquero"]},{"@type":"Person","@id":"https:\/\/mundovaquero.com\/#\/schema\/person\/2925c383e13cf52adfee05ea75c946a7","name":"lucamoes","image":{"@type":"ImageObject","inLanguage":"en-US","@id":"https:\/\/secure.gravatar.com\/avatar\/e96f9646d8048a986c9820fcfbf1064670168dda668f4e845ea21776ff7810ed?s=96&d=mm&r=g","url":"https:\/\/secure.gravatar.com\/avatar\/e96f9646d8048a986c9820fcfbf1064670168dda668f4e845ea21776ff7810ed?s=96&d=mm&r=g","contentUrl":"https:\/\/secure.gravatar.com\/avatar\/e96f9646d8048a986c9820fcfbf1064670168dda668f4e845ea21776ff7810ed?s=96&d=mm&r=g","caption":"lucamoes"},"sameAs":["https:\/\/mundovaquero.com"],"url":"https:\/\/mundovaquero.com\/index.php\/author\/lucamoes\/"}]}},"_links":{"self":[{"href":"https:\/\/mundovaquero.com\/index.php\/wp-json\/wp\/v2\/posts\/880","targetHints":{"allow":["GET"]}}],"collection":[{"href":"https:\/\/mundovaquero.com\/index.php\/wp-json\/wp\/v2\/posts"}],"about":[{"href":"https:\/\/mundovaquero.com\/index.php\/wp-json\/wp\/v2\/types\/post"}],"author":[{"embeddable":true,"href":"https:\/\/mundovaquero.com\/index.php\/wp-json\/wp\/v2\/users\/1"}],"replies":[{"embeddable":true,"href":"https:\/\/mundovaquero.com\/index.php\/wp-json\/wp\/v2\/comments?post=880"}],"version-history":[{"count":1,"href":"https:\/\/mundovaquero.com\/index.php\/wp-json\/wp\/v2\/posts\/880\/revisions"}],"predecessor-version":[{"id":882,"href":"https:\/\/mundovaquero.com\/index.php\/wp-json\/wp\/v2\/posts\/880\/revisions\/882"}],"wp:featuredmedia":[{"embeddable":true,"href":"https:\/\/mundovaquero.com\/index.php\/wp-json\/wp\/v2\/media\/881"}],"wp:attachment":[{"href":"https:\/\/mundovaquero.com\/index.php\/wp-json\/wp\/v2\/media?parent=880"}],"wp:term":[{"taxonomy":"category","embeddable":true,"href":"https:\/\/mundovaquero.com\/index.php\/wp-json\/wp\/v2\/categories?post=880"},{"taxonomy":"post_tag","embeddable":true,"href":"https:\/\/mundovaquero.com\/index.php\/wp-json\/wp\/v2\/tags?post=880"}],"curies":[{"name":"wp","href":"https:\/\/api.w.org\/{rel}","templated":true}]}}