{"id":313,"date":"2020-09-04T19:00:38","date_gmt":"2020-09-04T19:00:38","guid":{"rendered":"https:\/\/mundovaquero.com\/?p=313"},"modified":"2020-09-04T19:00:38","modified_gmt":"2020-09-04T19:00:38","slug":"rumor-las-nfr-de-la-prca-cambiaran-de-sede-este-2020","status":"publish","type":"post","link":"https:\/\/mundovaquero.com\/index.php\/2020\/09\/04\/rumor-las-nfr-de-la-prca-cambiaran-de-sede-este-2020\/","title":{"rendered":"RUMOR: Las NFR de la PRCA cambiaran de sede este 2020."},"content":{"rendered":"\n<p>Seg\u00fan fuentes allegadas a MundoVaquero.com se informa que parecer las finales nacionales de la PRCA, NFR que anualmente se realizan a final del a\u00f1o en la ciudad de Las Vegas Nevada sufrir\u00e1n un cambio de sede este a\u00f1o, aunque esto es un rumor se comenta que la nueva sede de estas finales sera la ciudad de Arlington Tx. y el recinto que las albergara seria el Global Life Park, actual cede de los Rangers de Texas de la MLB.<br \/>No se saben las razones de este posible cambio , y quiz\u00e1s sea debido a la crisis por la pandemia que actualmente se esta viviendo, ya que el estado de Nevada tiene restricciones mas estrictas que Texas en cuanto a reuniones y eventos masivos.<br \/>Pronto se espera el anuncio oficial de este cambio.<\/p>\n","protected":false},"excerpt":{"rendered":"<p>Seg\u00fan fuentes allegadas a MundoVaquero.com se informa que parecer las finales nacionales de la PRCA,&#8230;<\/p>\n","protected":false},"author":2,"featured_media":314,"comment_status":"open","ping_status":"open","sticky":false,"template":"","format":"standard","meta":{"footnotes":""},"categories":[3],"tags":[],"class_list":["post-313","post","type-post","status-publish","format-standard","has-post-thumbnail","hentry","category-noticia"],"yoast_head":"<!-- This site is optimized with the Yoast SEO plugin v27.5 - https:\/\/yoast.com\/product\/yoast-seo-wordpress\/ -->\n<title>RUMOR: Las NFR de la PRCA cambiaran de sede este 2020. - www.mundovaquero.com<\/title>\n<meta name=\"robots\" content=\"index, follow, max-snippet:-1, max-image-preview:large, max-video-preview:-1\" \/>\n<link rel=\"canonical\" href=\"https:\/\/mundovaquero.com\/index.php\/2020\/09\/04\/rumor-las-nfr-de-la-prca-cambiaran-de-sede-este-2020\/\" \/>\n<meta property=\"og:locale\" content=\"en_US\" \/>\n<meta property=\"og:type\" content=\"article\" \/>\n<meta property=\"og:title\" content=\"RUMOR: Las NFR de la PRCA cambiaran de sede este 2020. - www.mundovaquero.com\" \/>\n<meta property=\"og:description\" content=\"Seg\u00fan fuentes allegadas a MundoVaquero.com se informa que parecer las finales nacionales de la PRCA,...\" \/>\n<meta property=\"og:url\" content=\"https:\/\/mundovaquero.com\/index.php\/2020\/09\/04\/rumor-las-nfr-de-la-prca-cambiaran-de-sede-este-2020\/\" \/>\n<meta property=\"og:site_name\" content=\"www.mundovaquero.com\" \/>\n<meta property=\"article:publisher\" content=\"https:\/\/www.facebook.com\/mundovaquero\" \/>\n<meta property=\"article:published_time\" content=\"2020-09-04T19:00:38+00:00\" \/>\n<meta name=\"author\" content=\"mundovaquero\" \/>\n<meta name=\"twitter:card\" content=\"summary_large_image\" \/>\n<meta name=\"twitter:label1\" content=\"Written by\" \/>\n\t<meta name=\"twitter:data1\" content=\"mundovaquero\" \/>\n\t<meta name=\"twitter:label2\" content=\"Est. reading time\" \/>\n\t<meta name=\"twitter:data2\" content=\"1 minute\" \/>\n<script type=\"application\/ld+json\" class=\"yoast-schema-graph\">{\"@context\":\"https:\\\/\\\/schema.org\",\"@graph\":[{\"@type\":\"Article\",\"@id\":\"https:\\\/\\\/mundovaquero.com\\\/index.php\\\/2020\\\/09\\\/04\\\/rumor-las-nfr-de-la-prca-cambiaran-de-sede-este-2020\\\/#article\",\"isPartOf\":{\"@id\":\"https:\\\/\\\/mundovaquero.com\\\/index.php\\\/2020\\\/09\\\/04\\\/rumor-las-nfr-de-la-prca-cambiaran-de-sede-este-2020\\\/\"},\"author\":{\"name\":\"mundovaquero\",\"@id\":\"https:\\\/\\\/mundovaquero.com\\\/#\\\/schema\\\/person\\\/340997a0d074d56119927bc1d93b4d06\"},\"headline\":\"RUMOR: Las NFR de la PRCA cambiaran de sede este 2020.\",\"datePublished\":\"2020-09-04T19:00:38+00:00\",\"mainEntityOfPage\":{\"@id\":\"https:\\\/\\\/mundovaquero.com\\\/index.php\\\/2020\\\/09\\\/04\\\/rumor-las-nfr-de-la-prca-cambiaran-de-sede-este-2020\\\/\"},\"wordCount\":147,\"commentCount\":0,\"publisher\":{\"@id\":\"https:\\\/\\\/mundovaquero.com\\\/#organization\"},\"image\":{\"@id\":\"https:\\\/\\\/mundovaquero.com\\\/index.php\\\/2020\\\/09\\\/04\\\/rumor-las-nfr-de-la-prca-cambiaran-de-sede-este-2020\\\/#primaryimage\"},\"thumbnailUrl\":\"\",\"articleSection\":[\"Noticia\"],\"inLanguage\":\"en-US\",\"potentialAction\":[{\"@type\":\"CommentAction\",\"name\":\"Comment\",\"target\":[\"https:\\\/\\\/mundovaquero.com\\\/index.php\\\/2020\\\/09\\\/04\\\/rumor-las-nfr-de-la-prca-cambiaran-de-sede-este-2020\\\/#respond\"]}]},{\"@type\":\"WebPage\",\"@id\":\"https:\\\/\\\/mundovaquero.com\\\/index.php\\\/2020\\\/09\\\/04\\\/rumor-las-nfr-de-la-prca-cambiaran-de-sede-este-2020\\\/\",\"url\":\"https:\\\/\\\/mundovaquero.com\\\/index.php\\\/2020\\\/09\\\/04\\\/rumor-las-nfr-de-la-prca-cambiaran-de-sede-este-2020\\\/\",\"name\":\"RUMOR: Las NFR de la PRCA cambiaran de sede este 2020. - www.mundovaquero.com\",\"isPartOf\":{\"@id\":\"https:\\\/\\\/mundovaquero.com\\\/#website\"},\"primaryImageOfPage\":{\"@id\":\"https:\\\/\\\/mundovaquero.com\\\/index.php\\\/2020\\\/09\\\/04\\\/rumor-las-nfr-de-la-prca-cambiaran-de-sede-este-2020\\\/#primaryimage\"},\"image\":{\"@id\":\"https:\\\/\\\/mundovaquero.com\\\/index.php\\\/2020\\\/09\\\/04\\\/rumor-las-nfr-de-la-prca-cambiaran-de-sede-este-2020\\\/#primaryimage\"},\"thumbnailUrl\":\"\",\"datePublished\":\"2020-09-04T19:00:38+00:00\",\"breadcrumb\":{\"@id\":\"https:\\\/\\\/mundovaquero.com\\\/index.php\\\/2020\\\/09\\\/04\\\/rumor-las-nfr-de-la-prca-cambiaran-de-sede-este-2020\\\/#breadcrumb\"},\"inLanguage\":\"en-US\",\"potentialAction\":[{\"@type\":\"ReadAction\",\"target\":[\"https:\\\/\\\/mundovaquero.com\\\/index.php\\\/2020\\\/09\\\/04\\\/rumor-las-nfr-de-la-prca-cambiaran-de-sede-este-2020\\\/\"]}]},{\"@type\":\"ImageObject\",\"inLanguage\":\"en-US\",\"@id\":\"https:\\\/\\\/mundovaquero.com\\\/index.php\\\/2020\\\/09\\\/04\\\/rumor-las-nfr-de-la-prca-cambiaran-de-sede-este-2020\\\/#primaryimage\",\"url\":\"\",\"contentUrl\":\"\"},{\"@type\":\"BreadcrumbList\",\"@id\":\"https:\\\/\\\/mundovaquero.com\\\/index.php\\\/2020\\\/09\\\/04\\\/rumor-las-nfr-de-la-prca-cambiaran-de-sede-este-2020\\\/#breadcrumb\",\"itemListElement\":[{\"@type\":\"ListItem\",\"position\":1,\"name\":\"Portada\",\"item\":\"https:\\\/\\\/mundovaquero.com\\\/\"},{\"@type\":\"ListItem\",\"position\":2,\"name\":\"RUMOR: Las NFR de la PRCA cambiaran de sede este 2020.\"}]},{\"@type\":\"WebSite\",\"@id\":\"https:\\\/\\\/mundovaquero.com\\\/#website\",\"url\":\"https:\\\/\\\/mundovaquero.com\\\/\",\"name\":\"www.mundovaquero.com\",\"description\":\"El Sitio Oficial de los Vaqueros!\",\"publisher\":{\"@id\":\"https:\\\/\\\/mundovaquero.com\\\/#organization\"},\"potentialAction\":[{\"@type\":\"SearchAction\",\"target\":{\"@type\":\"EntryPoint\",\"urlTemplate\":\"https:\\\/\\\/mundovaquero.com\\\/?s={search_term_string}\"},\"query-input\":{\"@type\":\"PropertyValueSpecification\",\"valueRequired\":true,\"valueName\":\"search_term_string\"}}],\"inLanguage\":\"en-US\"},{\"@type\":\"Organization\",\"@id\":\"https:\\\/\\\/mundovaquero.com\\\/#organization\",\"name\":\"www.mundovaquero.com\",\"url\":\"https:\\\/\\\/mundovaquero.com\\\/\",\"logo\":{\"@type\":\"ImageObject\",\"inLanguage\":\"en-US\",\"@id\":\"https:\\\/\\\/mundovaquero.com\\\/#\\\/schema\\\/logo\\\/image\\\/\",\"url\":\"https:\\\/\\\/mundovaquero.com\\\/wp-content\\\/uploads\\\/2023\\\/01\\\/cropped-AVATAR-MVR-17-ANIV.jpeg\",\"contentUrl\":\"https:\\\/\\\/mundovaquero.com\\\/wp-content\\\/uploads\\\/2023\\\/01\\\/cropped-AVATAR-MVR-17-ANIV.jpeg\",\"width\":512,\"height\":512,\"caption\":\"www.mundovaquero.com\"},\"image\":{\"@id\":\"https:\\\/\\\/mundovaquero.com\\\/#\\\/schema\\\/logo\\\/image\\\/\"},\"sameAs\":[\"https:\\\/\\\/www.facebook.com\\\/mundovaquero\"]},{\"@type\":\"Person\",\"@id\":\"https:\\\/\\\/mundovaquero.com\\\/#\\\/schema\\\/person\\\/340997a0d074d56119927bc1d93b4d06\",\"name\":\"mundovaquero\",\"image\":{\"@type\":\"ImageObject\",\"inLanguage\":\"en-US\",\"@id\":\"https:\\\/\\\/secure.gravatar.com\\\/avatar\\\/e96f9646d8048a986c9820fcfbf1064670168dda668f4e845ea21776ff7810ed?s=96&d=mm&r=g\",\"url\":\"https:\\\/\\\/secure.gravatar.com\\\/avatar\\\/e96f9646d8048a986c9820fcfbf1064670168dda668f4e845ea21776ff7810ed?s=96&d=mm&r=g\",\"contentUrl\":\"https:\\\/\\\/secure.gravatar.com\\\/avatar\\\/e96f9646d8048a986c9820fcfbf1064670168dda668f4e845ea21776ff7810ed?s=96&d=mm&r=g\",\"caption\":\"mundovaquero\"},\"url\":\"https:\\\/\\\/mundovaquero.com\\\/index.php\\\/author\\\/mundovaquero\\\/\"}]}<\/script>\n<!-- \/ Yoast SEO plugin. -->","yoast_head_json":{"title":"RUMOR: Las NFR de la PRCA cambiaran de sede este 2020. - www.mundovaquero.com","robots":{"index":"index","follow":"follow","max-snippet":"max-snippet:-1","max-image-preview":"max-image-preview:large","max-video-preview":"max-video-preview:-1"},"canonical":"https:\/\/mundovaquero.com\/index.php\/2020\/09\/04\/rumor-las-nfr-de-la-prca-cambiaran-de-sede-este-2020\/","og_locale":"en_US","og_type":"article","og_title":"RUMOR: Las NFR de la PRCA cambiaran de sede este 2020. - www.mundovaquero.com","og_description":"Seg\u00fan fuentes allegadas a MundoVaquero.com se informa que parecer las finales nacionales de la PRCA,...","og_url":"https:\/\/mundovaquero.com\/index.php\/2020\/09\/04\/rumor-las-nfr-de-la-prca-cambiaran-de-sede-este-2020\/","og_site_name":"www.mundovaquero.com","article_publisher":"https:\/\/www.facebook.com\/mundovaquero","article_published_time":"2020-09-04T19:00:38+00:00","author":"mundovaquero","twitter_card":"summary_large_image","twitter_misc":{"Written by":"mundovaquero","Est. reading time":"1 minute"},"schema":{"@context":"https:\/\/schema.org","@graph":[{"@type":"Article","@id":"https:\/\/mundovaquero.com\/index.php\/2020\/09\/04\/rumor-las-nfr-de-la-prca-cambiaran-de-sede-este-2020\/#article","isPartOf":{"@id":"https:\/\/mundovaquero.com\/index.php\/2020\/09\/04\/rumor-las-nfr-de-la-prca-cambiaran-de-sede-este-2020\/"},"author":{"name":"mundovaquero","@id":"https:\/\/mundovaquero.com\/#\/schema\/person\/340997a0d074d56119927bc1d93b4d06"},"headline":"RUMOR: Las NFR de la PRCA cambiaran de sede este 2020.","datePublished":"2020-09-04T19:00:38+00:00","mainEntityOfPage":{"@id":"https:\/\/mundovaquero.com\/index.php\/2020\/09\/04\/rumor-las-nfr-de-la-prca-cambiaran-de-sede-este-2020\/"},"wordCount":147,"commentCount":0,"publisher":{"@id":"https:\/\/mundovaquero.com\/#organization"},"image":{"@id":"https:\/\/mundovaquero.com\/index.php\/2020\/09\/04\/rumor-las-nfr-de-la-prca-cambiaran-de-sede-este-2020\/#primaryimage"},"thumbnailUrl":"","articleSection":["Noticia"],"inLanguage":"en-US","potentialAction":[{"@type":"CommentAction","name":"Comment","target":["https:\/\/mundovaquero.com\/index.php\/2020\/09\/04\/rumor-las-nfr-de-la-prca-cambiaran-de-sede-este-2020\/#respond"]}]},{"@type":"WebPage","@id":"https:\/\/mundovaquero.com\/index.php\/2020\/09\/04\/rumor-las-nfr-de-la-prca-cambiaran-de-sede-este-2020\/","url":"https:\/\/mundovaquero.com\/index.php\/2020\/09\/04\/rumor-las-nfr-de-la-prca-cambiaran-de-sede-este-2020\/","name":"RUMOR: Las NFR de la PRCA cambiaran de sede este 2020. - www.mundovaquero.com","isPartOf":{"@id":"https:\/\/mundovaquero.com\/#website"},"primaryImageOfPage":{"@id":"https:\/\/mundovaquero.com\/index.php\/2020\/09\/04\/rumor-las-nfr-de-la-prca-cambiaran-de-sede-este-2020\/#primaryimage"},"image":{"@id":"https:\/\/mundovaquero.com\/index.php\/2020\/09\/04\/rumor-las-nfr-de-la-prca-cambiaran-de-sede-este-2020\/#primaryimage"},"thumbnailUrl":"","datePublished":"2020-09-04T19:00:38+00:00","breadcrumb":{"@id":"https:\/\/mundovaquero.com\/index.php\/2020\/09\/04\/rumor-las-nfr-de-la-prca-cambiaran-de-sede-este-2020\/#breadcrumb"},"inLanguage":"en-US","potentialAction":[{"@type":"ReadAction","target":["https:\/\/mundovaquero.com\/index.php\/2020\/09\/04\/rumor-las-nfr-de-la-prca-cambiaran-de-sede-este-2020\/"]}]},{"@type":"ImageObject","inLanguage":"en-US","@id":"https:\/\/mundovaquero.com\/index.php\/2020\/09\/04\/rumor-las-nfr-de-la-prca-cambiaran-de-sede-este-2020\/#primaryimage","url":"","contentUrl":""},{"@type":"BreadcrumbList","@id":"https:\/\/mundovaquero.com\/index.php\/2020\/09\/04\/rumor-las-nfr-de-la-prca-cambiaran-de-sede-este-2020\/#breadcrumb","itemListElement":[{"@type":"ListItem","position":1,"name":"Portada","item":"https:\/\/mundovaquero.com\/"},{"@type":"ListItem","position":2,"name":"RUMOR: Las NFR de la PRCA cambiaran de sede este 2020."}]},{"@type":"WebSite","@id":"https:\/\/mundovaquero.com\/#website","url":"https:\/\/mundovaquero.com\/","name":"www.mundovaquero.com","description":"El Sitio Oficial de los Vaqueros!","publisher":{"@id":"https:\/\/mundovaquero.com\/#organization"},"potentialAction":[{"@type":"SearchAction","target":{"@type":"EntryPoint","urlTemplate":"https:\/\/mundovaquero.com\/?s={search_term_string}"},"query-input":{"@type":"PropertyValueSpecification","valueRequired":true,"valueName":"search_term_string"}}],"inLanguage":"en-US"},{"@type":"Organization","@id":"https:\/\/mundovaquero.com\/#organization","name":"www.mundovaquero.com","url":"https:\/\/mundovaquero.com\/","logo":{"@type":"ImageObject","inLanguage":"en-US","@id":"https:\/\/mundovaquero.com\/#\/schema\/logo\/image\/","url":"https:\/\/mundovaquero.com\/wp-content\/uploads\/2023\/01\/cropped-AVATAR-MVR-17-ANIV.jpeg","contentUrl":"https:\/\/mundovaquero.com\/wp-content\/uploads\/2023\/01\/cropped-AVATAR-MVR-17-ANIV.jpeg","width":512,"height":512,"caption":"www.mundovaquero.com"},"image":{"@id":"https:\/\/mundovaquero.com\/#\/schema\/logo\/image\/"},"sameAs":["https:\/\/www.facebook.com\/mundovaquero"]},{"@type":"Person","@id":"https:\/\/mundovaquero.com\/#\/schema\/person\/340997a0d074d56119927bc1d93b4d06","name":"mundovaquero","image":{"@type":"ImageObject","inLanguage":"en-US","@id":"https:\/\/secure.gravatar.com\/avatar\/e96f9646d8048a986c9820fcfbf1064670168dda668f4e845ea21776ff7810ed?s=96&d=mm&r=g","url":"https:\/\/secure.gravatar.com\/avatar\/e96f9646d8048a986c9820fcfbf1064670168dda668f4e845ea21776ff7810ed?s=96&d=mm&r=g","contentUrl":"https:\/\/secure.gravatar.com\/avatar\/e96f9646d8048a986c9820fcfbf1064670168dda668f4e845ea21776ff7810ed?s=96&d=mm&r=g","caption":"mundovaquero"},"url":"https:\/\/mundovaquero.com\/index.php\/author\/mundovaquero\/"}]}},"_links":{"self":[{"href":"https:\/\/mundovaquero.com\/index.php\/wp-json\/wp\/v2\/posts\/313","targetHints":{"allow":["GET"]}}],"collection":[{"href":"https:\/\/mundovaquero.com\/index.php\/wp-json\/wp\/v2\/posts"}],"about":[{"href":"https:\/\/mundovaquero.com\/index.php\/wp-json\/wp\/v2\/types\/post"}],"author":[{"embeddable":true,"href":"https:\/\/mundovaquero.com\/index.php\/wp-json\/wp\/v2\/users\/2"}],"replies":[{"embeddable":true,"href":"https:\/\/mundovaquero.com\/index.php\/wp-json\/wp\/v2\/comments?post=313"}],"version-history":[{"count":0,"href":"https:\/\/mundovaquero.com\/index.php\/wp-json\/wp\/v2\/posts\/313\/revisions"}],"wp:featuredmedia":[{"embeddable":true,"href":"https:\/\/mundovaquero.com\/index.php\/wp-json\/"}],"wp:attachment":[{"href":"https:\/\/mundovaquero.com\/index.php\/wp-json\/wp\/v2\/media?parent=313"}],"wp:term":[{"taxonomy":"category","embeddable":true,"href":"https:\/\/mundovaquero.com\/index.php\/wp-json\/wp\/v2\/categories?post=313"},{"taxonomy":"post_tag","embeddable":true,"href":"https:\/\/mundovaquero.com\/index.php\/wp-json\/wp\/v2\/tags?post=313"}],"curies":[{"name":"wp","href":"https:\/\/api.w.org\/{rel}","templated":true}]}}