{"id":1603,"date":"2026-09-01T15:29:15","date_gmt":"2026-09-01T15:29:15","guid":{"rendered":"https:\/\/mundovaquero.com\/?p=1603"},"modified":"2026-09-01T15:29:15","modified_gmt":"2026-09-01T15:29:15","slug":"george-strait-encabezara-boots-in-the-park-2027-en-nuevo-mexico","status":"publish","type":"post","link":"https:\/\/mundovaquero.com\/index.php\/2026\/09\/01\/george-strait-encabezara-boots-in-the-park-2027-en-nuevo-mexico\/","title":{"rendered":"George Strait encabezar\u00e1 Boots in the Park 2027 en Nuevo M\u00e9xico"},"content":{"rendered":"<h3>El Rey del Country regresar\u00e1 a Nuevo M\u00e9xico para encabezar un festival que reunir\u00e1 a tres generaciones del country<\/h3>\n<p class=\"isSelectedEnd\"><strong>ALBUQUERQUE, NUEVO M\u00c9XICO.\u2014<\/strong> Los seguidores del country en Nuevo M\u00e9xico y sus alrededores tienen una cita que promete convertirse en uno de los grandes acontecimientos del g\u00e9nero en 2027. <strong>George Strait, el Rey del Country<\/strong>, ser\u00e1 el artista principal de <strong>Boots in the Park Albuquerque<\/strong>, que se llevar\u00e1 a cabo del <strong>14 al 16 de mayo de 2027<\/strong> en Balloon Fiesta Park.<\/p>\n<p class=\"isSelectedEnd\">La noticia representa adem\u00e1s algo especial para los seguidores de Strait: el propio artista anunci\u00f3 su regreso a Nuevo M\u00e9xico <strong>\u201cone final time\u201d<\/strong>, por lo que esta presentaci\u00f3n podr\u00eda representar la \u00faltima oportunidad para muchos de sus seguidores de verlo actuar en el estado.<\/p>\n<p class=\"isSelectedEnd\">Y si tener a George Strait como cabeza de cartel no fuera suficiente, la primera parte del lineup anunciado re\u00fane nombres de diferentes generaciones y estilos dentro del country.<\/p>\n<p class=\"isSelectedEnd\">Junto a George Strait aparecen hasta ahora <strong>Jason Aldean, Brooks &amp; Dunn, Jon Pardi y Zach Top<\/strong>, mientras que los organizadores han confirmado que todav\u00eda quedan artistas por anunciar para completar el cartel.<\/p>\n<p>&nbsp;<\/p>\n<p><img fetchpriority=\"high\" decoding=\"async\" class=\" wp-image-1604 aligncenter\" src=\"https:\/\/mundovaquero.com\/wp-content\/uploads\/2026\/09\/1920x1080_BITP2027_MAY_BOTTOMSCENE_FINAL3C-4-300x169.jpg\" alt=\"\" width=\"533\" height=\"300\" srcset=\"https:\/\/mundovaquero.com\/wp-content\/uploads\/2026\/09\/1920x1080_BITP2027_MAY_BOTTOMSCENE_FINAL3C-4-300x169.jpg 300w, https:\/\/mundovaquero.com\/wp-content\/uploads\/2026\/09\/1920x1080_BITP2027_MAY_BOTTOMSCENE_FINAL3C-4-768x432.jpg 768w, https:\/\/mundovaquero.com\/wp-content\/uploads\/2026\/09\/1920x1080_BITP2027_MAY_BOTTOMSCENE_FINAL3C-4.jpg 800w\" sizes=\"(max-width: 533px) 100vw, 533px\" \/><\/p>\n<p>&nbsp;<\/p>\n<p class=\"isSelectedEnd\">La combinaci\u00f3n resulta especialmente atractiva porque re\u00fane distintas \u00e9pocas del country.<\/p>\n<p class=\"isSelectedEnd\"><strong>Brooks &amp; Dunn<\/strong>, una de las duplas m\u00e1s importantes de la historia de la m\u00fasica country, representan una parte fundamental del sonido de los a\u00f1os 90 y principios de los 2000. Su presencia junto a Strait convierte al festival en una oportunidad para escuchar en un mismo escenario a algunos de los nombres que ayudaron a definir el country durante las \u00faltimas d\u00e9cadas.<\/p>\n<p class=\"isSelectedEnd\"><strong>Jason Aldean<\/strong>, por su parte, aporta una de las voces m\u00e1s importantes del country contempor\u00e1neo y una extensa colecci\u00f3n de \u00e9xitos que han dominado las listas del g\u00e9nero.<\/p>\n<p class=\"isSelectedEnd\">A ellos se suma <strong>Jon Pardi<\/strong>, uno de los artistas que m\u00e1s claramente ha defendido en los \u00faltimos a\u00f1os una conexi\u00f3n con los sonidos tradicionales del country y el honky-tonk.<\/p>\n<p class=\"isSelectedEnd\">Mientras tanto, <strong>Zach Top<\/strong> representa a una nueva generaci\u00f3n que ha encontrado precisamente en los sonidos cl\u00e1sicos una de sus principales fuentes de inspiraci\u00f3n.<\/p>\n<p class=\"isSelectedEnd\">Y en el centro de todo estar\u00e1 George Strait.<\/p>\n<p class=\"isSelectedEnd\">La presencia de Strait convierte a esta edici\u00f3n de Boots in the Park en algo particularmente especial.<\/p>\n<p class=\"isSelectedEnd\">Con una carrera que comenz\u00f3 en 1981, el cantante ha construido una de las trayectorias m\u00e1s impresionantes de la m\u00fasica country, con m\u00e1s de seis d\u00e9cadas de \u00e9xitos y una influencia que se extiende mucho m\u00e1s all\u00e1 de las listas de popularidad.<\/p>\n<p class=\"isSelectedEnd\">Su regreso a Nuevo M\u00e9xico tambi\u00e9n resulta significativo porque Strait ha reducido considerablemente su actividad en vivo desde que concluy\u00f3 oficialmente su gira <em>The Cowboy Rides Away<\/em> en 2014. Desde entonces, sus presentaciones se han convertido en acontecimientos especiales, con fechas seleccionadas en estadios, festivales y eventos de gran magnitud.<\/p>\n<p class=\"isSelectedEnd\">Por eso, el anuncio de su participaci\u00f3n adquiere un significado especial para sus seguidores.<\/p>\n<p class=\"isSelectedEnd\">Boots in the Park ha planteado la edici\u00f3n 2027 con una combinaci\u00f3n que re\u00fane diferentes generaciones del g\u00e9nero.<\/p>\n<p class=\"isSelectedEnd\">La presencia de Strait y Brooks &amp; Dunn representa a dos de los pilares de la m\u00fasica country de las \u00faltimas d\u00e9cadas. Jason Aldean mantiene la conexi\u00f3n con una generaci\u00f3n m\u00e1s reciente, mientras que Jon Pardi y Zach Top representan distintas vertientes de la nueva generaci\u00f3n que contin\u00faa encontrando inspiraci\u00f3n en las ra\u00edces del g\u00e9nero.<\/p>\n<p class=\"isSelectedEnd\">Y todav\u00eda falta conocer una parte del cartel.<\/p>\n<p class=\"isSelectedEnd\">La organizaci\u00f3n ha anunciado que el <strong>lineup completo ser\u00e1 revelado pr\u00f3ximamente<\/strong>, por lo que todav\u00eda podr\u00edan sumarse m\u00e1s nombres importantes al festival.<\/p>\n<p class=\"isSelectedEnd\">Boots in the Park no est\u00e1 planteado \u00fanicamente como una serie de presentaciones musicales. El festival tambi\u00e9n ofrece diferentes experiencias relacionadas con la cultura country, entre ellas <strong>line dancing, competencias de cornhole, demostraciones de cocina, toro mec\u00e1nico y diferentes espacios de comida y bebidas<\/strong>.<\/p>\n<p class=\"isSelectedEnd\">De esta manera, el festival busca convertirse en una experiencia que va m\u00e1s all\u00e1 de los escenarios y que re\u00fane m\u00fasica, gastronom\u00eda y diferentes elementos de la cultura vaquera y country.<\/p>\n<p class=\"isSelectedEnd\">La edici\u00f3n 2027 tambi\u00e9n marcar\u00e1 una expansi\u00f3n importante para Boots in the Park Albuquerque, que tendr\u00e1 <strong>tres d\u00edas de duraci\u00f3n<\/strong>.<\/p>\n<h3>Con <strong>George Strait, el Rey del Country<\/strong>, como cabeza de cartel, acompa\u00f1ado por Brooks &amp; Dunn, Jason Aldean, Jon Pardi y Zach Top \u2014y con m\u00e1s artistas todav\u00eda por anunciar\u2014, <strong>Boots in the Park Albuquerque 2027<\/strong> comienza a perfilarse como uno de los festivales country m\u00e1s atractivos del pr\u00f3ximo a\u00f1o.<\/h3>\n<p class=\"isSelectedEnd\">Para los seguidores de George Strait, sin embargo, existe un motivo adicional para poner especial atenci\u00f3n a esta fecha.<\/p>\n<p class=\"isSelectedEnd\">Si realmente se trata de su <strong>\u00faltima presentaci\u00f3n en Nuevo M\u00e9xico<\/strong>, el fin de semana del 14 al 16 de mayo de 2027 podr\u00eda convertirse en una cita hist\u00f3rica para los aficionados al country de toda la regi\u00f3n.<\/p>\n<p class=\"isSelectedEnd\"><strong>George Strait vuelve a Nuevo M\u00e9xico.<\/strong><\/p>\n<p>Y esta vez, todo apunta a que ser\u00e1 <strong>una \u00faltima vez<\/strong>.<\/p>\n","protected":false},"excerpt":{"rendered":"<p>El Rey del Country regresar\u00e1 a Nuevo M\u00e9xico para encabezar un festival que reunir\u00e1 a&#8230;<\/p>\n","protected":false},"author":1,"featured_media":1605,"comment_status":"closed","ping_status":"closed","sticky":false,"template":"","format":"standard","meta":{"footnotes":""},"categories":[3],"tags":[],"class_list":["post-1603","post","type-post","status-publish","format-standard","has-post-thumbnail","hentry","category-noticia"],"yoast_head":"<!-- This site is optimized with the Yoast SEO plugin v28.3 - https:\/\/yoast.com\/product\/yoast-seo-wordpress\/ -->\n<title>George Strait encabezar\u00e1 Boots in the Park 2027 en Nuevo M\u00e9xico - www.mundovaquero.com<\/title>\n<meta name=\"robots\" content=\"index, follow, max-snippet:-1, max-image-preview:large, max-video-preview:-1\" \/>\n<link rel=\"canonical\" href=\"https:\/\/mundovaquero.com\/index.php\/2026\/09\/01\/george-strait-encabezara-boots-in-the-park-2027-en-nuevo-mexico\/\" \/>\n<meta property=\"og:locale\" content=\"en_US\" \/>\n<meta property=\"og:type\" content=\"article\" \/>\n<meta property=\"og:title\" content=\"George Strait encabezar\u00e1 Boots in the Park 2027 en Nuevo M\u00e9xico - www.mundovaquero.com\" \/>\n<meta property=\"og:description\" content=\"El Rey del Country regresar\u00e1 a Nuevo M\u00e9xico para encabezar un festival que reunir\u00e1 a...\" \/>\n<meta property=\"og:url\" content=\"https:\/\/mundovaquero.com\/index.php\/2026\/09\/01\/george-strait-encabezara-boots-in-the-park-2027-en-nuevo-mexico\/\" \/>\n<meta property=\"og:site_name\" content=\"www.mundovaquero.com\" \/>\n<meta property=\"article:publisher\" content=\"https:\/\/www.facebook.com\/mundovaquero\" \/>\n<meta property=\"article:published_time\" content=\"2026-09-01T15:29:15+00:00\" \/>\n<meta property=\"og:image\" content=\"https:\/\/mundovaquero.com\/wp-content\/uploads\/2026\/09\/george-new-mexico.jpg\" \/>\n\t<meta property=\"og:image:width\" content=\"526\" \/>\n\t<meta property=\"og:image:height\" content=\"526\" \/>\n\t<meta property=\"og:image:type\" content=\"image\/jpeg\" \/>\n<meta name=\"author\" content=\"lucamoes\" \/>\n<meta name=\"twitter:card\" content=\"summary_large_image\" \/>\n<meta name=\"twitter:label1\" content=\"Written by\" \/>\n\t<meta name=\"twitter:data1\" content=\"lucamoes\" \/>\n\t<meta name=\"twitter:label2\" content=\"Est. reading time\" \/>\n\t<meta name=\"twitter:data2\" content=\"4 minutes\" \/>\n<script type=\"application\/ld+json\" class=\"yoast-schema-graph\">{\"@context\":\"https:\\\/\\\/schema.org\",\"@graph\":[{\"@type\":\"Article\",\"@id\":\"https:\\\/\\\/mundovaquero.com\\\/index.php\\\/2026\\\/09\\\/01\\\/george-strait-encabezara-boots-in-the-park-2027-en-nuevo-mexico\\\/#article\",\"isPartOf\":{\"@id\":\"https:\\\/\\\/mundovaquero.com\\\/index.php\\\/2026\\\/09\\\/01\\\/george-strait-encabezara-boots-in-the-park-2027-en-nuevo-mexico\\\/\"},\"author\":{\"name\":\"lucamoes\",\"@id\":\"https:\\\/\\\/mundovaquero.com\\\/#\\\/schema\\\/person\\\/2925c383e13cf52adfee05ea75c946a7\"},\"headline\":\"George Strait encabezar\u00e1 Boots in the Park 2027 en Nuevo M\u00e9xico\",\"datePublished\":\"2026-09-01T15:29:15+00:00\",\"mainEntityOfPage\":{\"@id\":\"https:\\\/\\\/mundovaquero.com\\\/index.php\\\/2026\\\/09\\\/01\\\/george-strait-encabezara-boots-in-the-park-2027-en-nuevo-mexico\\\/\"},\"wordCount\":875,\"publisher\":{\"@id\":\"https:\\\/\\\/mundovaquero.com\\\/#organization\"},\"image\":{\"@id\":\"https:\\\/\\\/mundovaquero.com\\\/index.php\\\/2026\\\/09\\\/01\\\/george-strait-encabezara-boots-in-the-park-2027-en-nuevo-mexico\\\/#primaryimage\"},\"thumbnailUrl\":\"https:\\\/\\\/mundovaquero.com\\\/wp-content\\\/uploads\\\/2026\\\/09\\\/george-new-mexico.jpg\",\"articleSection\":[\"Noticia\"],\"inLanguage\":\"en-US\"},{\"@type\":\"WebPage\",\"@id\":\"https:\\\/\\\/mundovaquero.com\\\/index.php\\\/2026\\\/09\\\/01\\\/george-strait-encabezara-boots-in-the-park-2027-en-nuevo-mexico\\\/\",\"url\":\"https:\\\/\\\/mundovaquero.com\\\/index.php\\\/2026\\\/09\\\/01\\\/george-strait-encabezara-boots-in-the-park-2027-en-nuevo-mexico\\\/\",\"name\":\"George Strait encabezar\u00e1 Boots in the Park 2027 en Nuevo M\u00e9xico - www.mundovaquero.com\",\"isPartOf\":{\"@id\":\"https:\\\/\\\/mundovaquero.com\\\/#website\"},\"primaryImageOfPage\":{\"@id\":\"https:\\\/\\\/mundovaquero.com\\\/index.php\\\/2026\\\/09\\\/01\\\/george-strait-encabezara-boots-in-the-park-2027-en-nuevo-mexico\\\/#primaryimage\"},\"image\":{\"@id\":\"https:\\\/\\\/mundovaquero.com\\\/index.php\\\/2026\\\/09\\\/01\\\/george-strait-encabezara-boots-in-the-park-2027-en-nuevo-mexico\\\/#primaryimage\"},\"thumbnailUrl\":\"https:\\\/\\\/mundovaquero.com\\\/wp-content\\\/uploads\\\/2026\\\/09\\\/george-new-mexico.jpg\",\"datePublished\":\"2026-09-01T15:29:15+00:00\",\"breadcrumb\":{\"@id\":\"https:\\\/\\\/mundovaquero.com\\\/index.php\\\/2026\\\/09\\\/01\\\/george-strait-encabezara-boots-in-the-park-2027-en-nuevo-mexico\\\/#breadcrumb\"},\"inLanguage\":\"en-US\",\"potentialAction\":[{\"@type\":\"ReadAction\",\"target\":[\"https:\\\/\\\/mundovaquero.com\\\/index.php\\\/2026\\\/09\\\/01\\\/george-strait-encabezara-boots-in-the-park-2027-en-nuevo-mexico\\\/\"]}]},{\"@type\":\"ImageObject\",\"inLanguage\":\"en-US\",\"@id\":\"https:\\\/\\\/mundovaquero.com\\\/index.php\\\/2026\\\/09\\\/01\\\/george-strait-encabezara-boots-in-the-park-2027-en-nuevo-mexico\\\/#primaryimage\",\"url\":\"https:\\\/\\\/mundovaquero.com\\\/wp-content\\\/uploads\\\/2026\\\/09\\\/george-new-mexico.jpg\",\"contentUrl\":\"https:\\\/\\\/mundovaquero.com\\\/wp-content\\\/uploads\\\/2026\\\/09\\\/george-new-mexico.jpg\",\"width\":526,\"height\":526},{\"@type\":\"BreadcrumbList\",\"@id\":\"https:\\\/\\\/mundovaquero.com\\\/index.php\\\/2026\\\/09\\\/01\\\/george-strait-encabezara-boots-in-the-park-2027-en-nuevo-mexico\\\/#breadcrumb\",\"itemListElement\":[{\"@type\":\"ListItem\",\"position\":1,\"name\":\"Portada\",\"item\":\"https:\\\/\\\/mundovaquero.com\\\/\"},{\"@type\":\"ListItem\",\"position\":2,\"name\":\"George Strait encabezar\u00e1 Boots in the Park 2027 en Nuevo M\u00e9xico\"}]},{\"@type\":\"WebSite\",\"@id\":\"https:\\\/\\\/mundovaquero.com\\\/#website\",\"url\":\"https:\\\/\\\/mundovaquero.com\\\/\",\"name\":\"www.mundovaquero.com\",\"description\":\"El Sitio Oficial de los Vaqueros!\",\"publisher\":{\"@id\":\"https:\\\/\\\/mundovaquero.com\\\/#organization\"},\"potentialAction\":[{\"@type\":\"SearchAction\",\"target\":{\"@type\":\"EntryPoint\",\"urlTemplate\":\"https:\\\/\\\/mundovaquero.com\\\/?s={search_term_string}\"},\"query-input\":{\"@type\":\"PropertyValueSpecification\",\"valueRequired\":true,\"valueName\":\"search_term_string\"}}],\"inLanguage\":\"en-US\"},{\"@type\":\"Organization\",\"@id\":\"https:\\\/\\\/mundovaquero.com\\\/#organization\",\"name\":\"www.mundovaquero.com\",\"url\":\"https:\\\/\\\/mundovaquero.com\\\/\",\"logo\":{\"@type\":\"ImageObject\",\"inLanguage\":\"en-US\",\"@id\":\"https:\\\/\\\/mundovaquero.com\\\/#\\\/schema\\\/logo\\\/image\\\/\",\"url\":\"https:\\\/\\\/mundovaquero.com\\\/wp-content\\\/uploads\\\/2023\\\/01\\\/cropped-AVATAR-MVR-17-ANIV.jpeg\",\"contentUrl\":\"https:\\\/\\\/mundovaquero.com\\\/wp-content\\\/uploads\\\/2023\\\/01\\\/cropped-AVATAR-MVR-17-ANIV.jpeg\",\"width\":512,\"height\":512,\"caption\":\"www.mundovaquero.com\"},\"image\":{\"@id\":\"https:\\\/\\\/mundovaquero.com\\\/#\\\/schema\\\/logo\\\/image\\\/\"},\"sameAs\":[\"https:\\\/\\\/www.facebook.com\\\/mundovaquero\"]},{\"@type\":\"Person\",\"@id\":\"https:\\\/\\\/mundovaquero.com\\\/#\\\/schema\\\/person\\\/2925c383e13cf52adfee05ea75c946a7\",\"name\":\"lucamoes\",\"image\":{\"@type\":\"ImageObject\",\"inLanguage\":\"en-US\",\"@id\":\"https:\\\/\\\/secure.gravatar.com\\\/avatar\\\/e96f9646d8048a986c9820fcfbf1064670168dda668f4e845ea21776ff7810ed?s=96&d=mm&r=g\",\"url\":\"https:\\\/\\\/secure.gravatar.com\\\/avatar\\\/e96f9646d8048a986c9820fcfbf1064670168dda668f4e845ea21776ff7810ed?s=96&d=mm&r=g\",\"contentUrl\":\"https:\\\/\\\/secure.gravatar.com\\\/avatar\\\/e96f9646d8048a986c9820fcfbf1064670168dda668f4e845ea21776ff7810ed?s=96&d=mm&r=g\",\"caption\":\"lucamoes\"},\"sameAs\":[\"https:\\\/\\\/mundovaquero.com\"],\"url\":\"https:\\\/\\\/mundovaquero.com\\\/index.php\\\/author\\\/lucamoes\\\/\"}]}<\/script>\n<!-- \/ Yoast SEO plugin. -->","yoast_head_json":{"title":"George Strait encabezar\u00e1 Boots in the Park 2027 en Nuevo M\u00e9xico - www.mundovaquero.com","robots":{"index":"index","follow":"follow","max-snippet":"max-snippet:-1","max-image-preview":"max-image-preview:large","max-video-preview":"max-video-preview:-1"},"canonical":"https:\/\/mundovaquero.com\/index.php\/2026\/09\/01\/george-strait-encabezara-boots-in-the-park-2027-en-nuevo-mexico\/","og_locale":"en_US","og_type":"article","og_title":"George Strait encabezar\u00e1 Boots in the Park 2027 en Nuevo M\u00e9xico - www.mundovaquero.com","og_description":"El Rey del Country regresar\u00e1 a Nuevo M\u00e9xico para encabezar un festival que reunir\u00e1 a...","og_url":"https:\/\/mundovaquero.com\/index.php\/2026\/09\/01\/george-strait-encabezara-boots-in-the-park-2027-en-nuevo-mexico\/","og_site_name":"www.mundovaquero.com","article_publisher":"https:\/\/www.facebook.com\/mundovaquero","article_published_time":"2026-09-01T15:29:15+00:00","og_image":[{"width":526,"height":526,"url":"https:\/\/mundovaquero.com\/wp-content\/uploads\/2026\/09\/george-new-mexico.jpg","type":"image\/jpeg"}],"author":"lucamoes","twitter_card":"summary_large_image","twitter_misc":{"Written by":"lucamoes","Est. reading time":"4 minutes"},"schema":{"@context":"https:\/\/schema.org","@graph":[{"@type":"Article","@id":"https:\/\/mundovaquero.com\/index.php\/2026\/09\/01\/george-strait-encabezara-boots-in-the-park-2027-en-nuevo-mexico\/#article","isPartOf":{"@id":"https:\/\/mundovaquero.com\/index.php\/2026\/09\/01\/george-strait-encabezara-boots-in-the-park-2027-en-nuevo-mexico\/"},"author":{"name":"lucamoes","@id":"https:\/\/mundovaquero.com\/#\/schema\/person\/2925c383e13cf52adfee05ea75c946a7"},"headline":"George Strait encabezar\u00e1 Boots in the Park 2027 en Nuevo M\u00e9xico","datePublished":"2026-09-01T15:29:15+00:00","mainEntityOfPage":{"@id":"https:\/\/mundovaquero.com\/index.php\/2026\/09\/01\/george-strait-encabezara-boots-in-the-park-2027-en-nuevo-mexico\/"},"wordCount":875,"publisher":{"@id":"https:\/\/mundovaquero.com\/#organization"},"image":{"@id":"https:\/\/mundovaquero.com\/index.php\/2026\/09\/01\/george-strait-encabezara-boots-in-the-park-2027-en-nuevo-mexico\/#primaryimage"},"thumbnailUrl":"https:\/\/mundovaquero.com\/wp-content\/uploads\/2026\/09\/george-new-mexico.jpg","articleSection":["Noticia"],"inLanguage":"en-US"},{"@type":"WebPage","@id":"https:\/\/mundovaquero.com\/index.php\/2026\/09\/01\/george-strait-encabezara-boots-in-the-park-2027-en-nuevo-mexico\/","url":"https:\/\/mundovaquero.com\/index.php\/2026\/09\/01\/george-strait-encabezara-boots-in-the-park-2027-en-nuevo-mexico\/","name":"George Strait encabezar\u00e1 Boots in the Park 2027 en Nuevo M\u00e9xico - www.mundovaquero.com","isPartOf":{"@id":"https:\/\/mundovaquero.com\/#website"},"primaryImageOfPage":{"@id":"https:\/\/mundovaquero.com\/index.php\/2026\/09\/01\/george-strait-encabezara-boots-in-the-park-2027-en-nuevo-mexico\/#primaryimage"},"image":{"@id":"https:\/\/mundovaquero.com\/index.php\/2026\/09\/01\/george-strait-encabezara-boots-in-the-park-2027-en-nuevo-mexico\/#primaryimage"},"thumbnailUrl":"https:\/\/mundovaquero.com\/wp-content\/uploads\/2026\/09\/george-new-mexico.jpg","datePublished":"2026-09-01T15:29:15+00:00","breadcrumb":{"@id":"https:\/\/mundovaquero.com\/index.php\/2026\/09\/01\/george-strait-encabezara-boots-in-the-park-2027-en-nuevo-mexico\/#breadcrumb"},"inLanguage":"en-US","potentialAction":[{"@type":"ReadAction","target":["https:\/\/mundovaquero.com\/index.php\/2026\/09\/01\/george-strait-encabezara-boots-in-the-park-2027-en-nuevo-mexico\/"]}]},{"@type":"ImageObject","inLanguage":"en-US","@id":"https:\/\/mundovaquero.com\/index.php\/2026\/09\/01\/george-strait-encabezara-boots-in-the-park-2027-en-nuevo-mexico\/#primaryimage","url":"https:\/\/mundovaquero.com\/wp-content\/uploads\/2026\/09\/george-new-mexico.jpg","contentUrl":"https:\/\/mundovaquero.com\/wp-content\/uploads\/2026\/09\/george-new-mexico.jpg","width":526,"height":526},{"@type":"BreadcrumbList","@id":"https:\/\/mundovaquero.com\/index.php\/2026\/09\/01\/george-strait-encabezara-boots-in-the-park-2027-en-nuevo-mexico\/#breadcrumb","itemListElement":[{"@type":"ListItem","position":1,"name":"Portada","item":"https:\/\/mundovaquero.com\/"},{"@type":"ListItem","position":2,"name":"George Strait encabezar\u00e1 Boots in the Park 2027 en Nuevo M\u00e9xico"}]},{"@type":"WebSite","@id":"https:\/\/mundovaquero.com\/#website","url":"https:\/\/mundovaquero.com\/","name":"www.mundovaquero.com","description":"El Sitio Oficial de los Vaqueros!","publisher":{"@id":"https:\/\/mundovaquero.com\/#organization"},"potentialAction":[{"@type":"SearchAction","target":{"@type":"EntryPoint","urlTemplate":"https:\/\/mundovaquero.com\/?s={search_term_string}"},"query-input":{"@type":"PropertyValueSpecification","valueRequired":true,"valueName":"search_term_string"}}],"inLanguage":"en-US"},{"@type":"Organization","@id":"https:\/\/mundovaquero.com\/#organization","name":"www.mundovaquero.com","url":"https:\/\/mundovaquero.com\/","logo":{"@type":"ImageObject","inLanguage":"en-US","@id":"https:\/\/mundovaquero.com\/#\/schema\/logo\/image\/","url":"https:\/\/mundovaquero.com\/wp-content\/uploads\/2023\/01\/cropped-AVATAR-MVR-17-ANIV.jpeg","contentUrl":"https:\/\/mundovaquero.com\/wp-content\/uploads\/2023\/01\/cropped-AVATAR-MVR-17-ANIV.jpeg","width":512,"height":512,"caption":"www.mundovaquero.com"},"image":{"@id":"https:\/\/mundovaquero.com\/#\/schema\/logo\/image\/"},"sameAs":["https:\/\/www.facebook.com\/mundovaquero"]},{"@type":"Person","@id":"https:\/\/mundovaquero.com\/#\/schema\/person\/2925c383e13cf52adfee05ea75c946a7","name":"lucamoes","image":{"@type":"ImageObject","inLanguage":"en-US","@id":"https:\/\/secure.gravatar.com\/avatar\/e96f9646d8048a986c9820fcfbf1064670168dda668f4e845ea21776ff7810ed?s=96&d=mm&r=g","url":"https:\/\/secure.gravatar.com\/avatar\/e96f9646d8048a986c9820fcfbf1064670168dda668f4e845ea21776ff7810ed?s=96&d=mm&r=g","contentUrl":"https:\/\/secure.gravatar.com\/avatar\/e96f9646d8048a986c9820fcfbf1064670168dda668f4e845ea21776ff7810ed?s=96&d=mm&r=g","caption":"lucamoes"},"sameAs":["https:\/\/mundovaquero.com"],"url":"https:\/\/mundovaquero.com\/index.php\/author\/lucamoes\/"}]}},"_links":{"self":[{"href":"https:\/\/mundovaquero.com\/index.php\/wp-json\/wp\/v2\/posts\/1603","targetHints":{"allow":["GET"]}}],"collection":[{"href":"https:\/\/mundovaquero.com\/index.php\/wp-json\/wp\/v2\/posts"}],"about":[{"href":"https:\/\/mundovaquero.com\/index.php\/wp-json\/wp\/v2\/types\/post"}],"author":[{"embeddable":true,"href":"https:\/\/mundovaquero.com\/index.php\/wp-json\/wp\/v2\/users\/1"}],"replies":[{"embeddable":true,"href":"https:\/\/mundovaquero.com\/index.php\/wp-json\/wp\/v2\/comments?post=1603"}],"version-history":[{"count":1,"href":"https:\/\/mundovaquero.com\/index.php\/wp-json\/wp\/v2\/posts\/1603\/revisions"}],"predecessor-version":[{"id":1606,"href":"https:\/\/mundovaquero.com\/index.php\/wp-json\/wp\/v2\/posts\/1603\/revisions\/1606"}],"wp:featuredmedia":[{"embeddable":true,"href":"https:\/\/mundovaquero.com\/index.php\/wp-json\/wp\/v2\/media\/1605"}],"wp:attachment":[{"href":"https:\/\/mundovaquero.com\/index.php\/wp-json\/wp\/v2\/media?parent=1603"}],"wp:term":[{"taxonomy":"category","embeddable":true,"href":"https:\/\/mundovaquero.com\/index.php\/wp-json\/wp\/v2\/categories?post=1603"},{"taxonomy":"post_tag","embeddable":true,"href":"https:\/\/mundovaquero.com\/index.php\/wp-json\/wp\/v2\/tags?post=1603"}],"curies":[{"name":"wp","href":"https:\/\/api.w.org\/{rel}","templated":true}]}}