{"id":1461,"date":"2026-04-27T16:04:35","date_gmt":"2026-04-27T16:04:35","guid":{"rendered":"https:\/\/mundovaquero.com\/?p=1461"},"modified":"2026-04-27T16:07:38","modified_gmt":"2026-04-27T16:07:38","slug":"luk-vegas-y-joz-caro-se-suman-al-chihuahua-country-fest","status":"publish","type":"post","link":"https:\/\/mundovaquero.com\/index.php\/2026\/04\/27\/luk-vegas-y-joz-caro-se-suman-al-chihuahua-country-fest\/","title":{"rendered":"Luk Vegas y Joz Caro se suman al Chihuahua Country Fest"},"content":{"rendered":"<p data-start=\"66\" data-end=\"294\">El cartel del Chihuahua Country Fest 2026 contin\u00faa creciendo con la incorporaci\u00f3n de dos propuestas destacadas del country en espa\u00f1ol: Luk Vegas y Joz Caro, quienes se suman oficialmente al lineup del festival.<\/p>\n<p data-start=\"296\" data-end=\"521\">El evento se llevar\u00e1 a cabo el pr\u00f3ximo 15 de agosto de 2026 en las instalaciones de la Feria de Santa Rita, en la ciudad de Chihuahua, consolid\u00e1ndose como uno de los encuentros m\u00e1s importantes del g\u00e9nero en el norte del pa\u00eds.<\/p>\n<p data-start=\"523\" data-end=\"780\">Luk Vegas y Joz Caro llegan a este escenario tras el reciente lanzamiento de su sencillo \u201cFiesta\u201d, una colaboraci\u00f3n que mezcla sonidos frescos del country con un estilo moderno en espa\u00f1ol, conectando con nuevas audiencias y fortaleciendo la escena nacional.<\/p>\n<p style=\"text-align: center;\" data-start=\"523\" data-end=\"780\"><iframe title=\"YouTube video player\" src=\"https:\/\/www.youtube.com\/embed\/iVwwl7vT8fw?si=Hp7u-G4jRbjwK7J9\" width=\"560\" height=\"315\" frameborder=\"0\" allowfullscreen=\"allowfullscreen\"><\/iframe><\/p>\n<p data-start=\"782\" data-end=\"941\">Adem\u00e1s, el festival contar\u00e1 con la participaci\u00f3n estelar del grupo Midland, quienes encabezan el cartel y prometen una noche llena de energ\u00eda y grandes \u00e9xitos.<\/p>\n<p data-start=\"943\" data-end=\"1159\" data-is-last-node=\"\" data-is-only-node=\"\">Con estas incorporaciones, el Chihuahua Country Fest 2026 contin\u00faa posicion\u00e1ndose como un evento imperdible para los amantes del country, reuniendo talento internacional y propuestas emergentes en un mismo escenario.<\/p>\n","protected":false},"excerpt":{"rendered":"<p>El cartel del Chihuahua Country Fest 2026 contin\u00faa creciendo con la incorporaci\u00f3n de dos propuestas&#8230;<\/p>\n","protected":false},"author":1,"featured_media":1408,"comment_status":"closed","ping_status":"closed","sticky":false,"template":"","format":"standard","meta":{"footnotes":""},"categories":[3],"tags":[],"class_list":["post-1461","post","type-post","status-publish","format-standard","has-post-thumbnail","hentry","category-noticia"],"yoast_head":"<!-- This site is optimized with the Yoast SEO plugin v27.4 - https:\/\/yoast.com\/product\/yoast-seo-wordpress\/ -->\n<title>Luk Vegas y Joz Caro se suman al Chihuahua Country Fest - www.mundovaquero.com<\/title>\n<meta name=\"robots\" content=\"index, follow, max-snippet:-1, max-image-preview:large, max-video-preview:-1\" \/>\n<link rel=\"canonical\" href=\"https:\/\/mundovaquero.com\/index.php\/2026\/04\/27\/luk-vegas-y-joz-caro-se-suman-al-chihuahua-country-fest\/\" \/>\n<meta property=\"og:locale\" content=\"en_US\" \/>\n<meta property=\"og:type\" content=\"article\" \/>\n<meta property=\"og:title\" content=\"Luk Vegas y Joz Caro se suman al Chihuahua Country Fest - www.mundovaquero.com\" \/>\n<meta property=\"og:description\" content=\"El cartel del Chihuahua Country Fest 2026 contin\u00faa creciendo con la incorporaci\u00f3n de dos propuestas...\" \/>\n<meta property=\"og:url\" content=\"https:\/\/mundovaquero.com\/index.php\/2026\/04\/27\/luk-vegas-y-joz-caro-se-suman-al-chihuahua-country-fest\/\" \/>\n<meta property=\"og:site_name\" content=\"www.mundovaquero.com\" \/>\n<meta property=\"article:publisher\" content=\"https:\/\/www.facebook.com\/mundovaquero\" \/>\n<meta property=\"article:published_time\" content=\"2026-04-27T16:04:35+00:00\" \/>\n<meta property=\"article:modified_time\" content=\"2026-04-27T16:07:38+00:00\" \/>\n<meta property=\"og:image\" content=\"https:\/\/mundovaquero.com\/wp-content\/uploads\/2026\/04\/6c2819ac-1b86-487c-8937-90698b6e8099-e1776116494167.png\" \/>\n\t<meta property=\"og:image:width\" content=\"1024\" \/>\n\t<meta property=\"og:image:height\" content=\"763\" \/>\n\t<meta property=\"og:image:type\" content=\"image\/png\" \/>\n<meta name=\"author\" content=\"lucamoes\" \/>\n<meta name=\"twitter:card\" content=\"summary_large_image\" \/>\n<meta name=\"twitter:image\" content=\"https:\/\/mundovaquero.com\/wp-content\/uploads\/2026\/04\/6c2819ac-1b86-487c-8937-90698b6e8099-e1776116494167.png\" \/>\n<meta name=\"twitter:label1\" content=\"Written by\" \/>\n\t<meta name=\"twitter:data1\" content=\"lucamoes\" \/>\n\t<meta name=\"twitter:label2\" content=\"Est. reading time\" \/>\n\t<meta name=\"twitter:data2\" content=\"1 minute\" \/>\n<script type=\"application\/ld+json\" class=\"yoast-schema-graph\">{\"@context\":\"https:\\\/\\\/schema.org\",\"@graph\":[{\"@type\":\"Article\",\"@id\":\"https:\\\/\\\/mundovaquero.com\\\/index.php\\\/2026\\\/04\\\/27\\\/luk-vegas-y-joz-caro-se-suman-al-chihuahua-country-fest\\\/#article\",\"isPartOf\":{\"@id\":\"https:\\\/\\\/mundovaquero.com\\\/index.php\\\/2026\\\/04\\\/27\\\/luk-vegas-y-joz-caro-se-suman-al-chihuahua-country-fest\\\/\"},\"author\":{\"name\":\"lucamoes\",\"@id\":\"https:\\\/\\\/mundovaquero.com\\\/#\\\/schema\\\/person\\\/2925c383e13cf52adfee05ea75c946a7\"},\"headline\":\"Luk Vegas y Joz Caro se suman al Chihuahua Country Fest\",\"datePublished\":\"2026-04-27T16:04:35+00:00\",\"dateModified\":\"2026-04-27T16:07:38+00:00\",\"mainEntityOfPage\":{\"@id\":\"https:\\\/\\\/mundovaquero.com\\\/index.php\\\/2026\\\/04\\\/27\\\/luk-vegas-y-joz-caro-se-suman-al-chihuahua-country-fest\\\/\"},\"wordCount\":191,\"publisher\":{\"@id\":\"https:\\\/\\\/mundovaquero.com\\\/#organization\"},\"image\":{\"@id\":\"https:\\\/\\\/mundovaquero.com\\\/index.php\\\/2026\\\/04\\\/27\\\/luk-vegas-y-joz-caro-se-suman-al-chihuahua-country-fest\\\/#primaryimage\"},\"thumbnailUrl\":\"https:\\\/\\\/mundovaquero.com\\\/wp-content\\\/uploads\\\/2026\\\/04\\\/6c2819ac-1b86-487c-8937-90698b6e8099-e1776116494167.png\",\"articleSection\":[\"Noticia\"],\"inLanguage\":\"en-US\"},{\"@type\":\"WebPage\",\"@id\":\"https:\\\/\\\/mundovaquero.com\\\/index.php\\\/2026\\\/04\\\/27\\\/luk-vegas-y-joz-caro-se-suman-al-chihuahua-country-fest\\\/\",\"url\":\"https:\\\/\\\/mundovaquero.com\\\/index.php\\\/2026\\\/04\\\/27\\\/luk-vegas-y-joz-caro-se-suman-al-chihuahua-country-fest\\\/\",\"name\":\"Luk Vegas y Joz Caro se suman al Chihuahua Country Fest - www.mundovaquero.com\",\"isPartOf\":{\"@id\":\"https:\\\/\\\/mundovaquero.com\\\/#website\"},\"primaryImageOfPage\":{\"@id\":\"https:\\\/\\\/mundovaquero.com\\\/index.php\\\/2026\\\/04\\\/27\\\/luk-vegas-y-joz-caro-se-suman-al-chihuahua-country-fest\\\/#primaryimage\"},\"image\":{\"@id\":\"https:\\\/\\\/mundovaquero.com\\\/index.php\\\/2026\\\/04\\\/27\\\/luk-vegas-y-joz-caro-se-suman-al-chihuahua-country-fest\\\/#primaryimage\"},\"thumbnailUrl\":\"https:\\\/\\\/mundovaquero.com\\\/wp-content\\\/uploads\\\/2026\\\/04\\\/6c2819ac-1b86-487c-8937-90698b6e8099-e1776116494167.png\",\"datePublished\":\"2026-04-27T16:04:35+00:00\",\"dateModified\":\"2026-04-27T16:07:38+00:00\",\"breadcrumb\":{\"@id\":\"https:\\\/\\\/mundovaquero.com\\\/index.php\\\/2026\\\/04\\\/27\\\/luk-vegas-y-joz-caro-se-suman-al-chihuahua-country-fest\\\/#breadcrumb\"},\"inLanguage\":\"en-US\",\"potentialAction\":[{\"@type\":\"ReadAction\",\"target\":[\"https:\\\/\\\/mundovaquero.com\\\/index.php\\\/2026\\\/04\\\/27\\\/luk-vegas-y-joz-caro-se-suman-al-chihuahua-country-fest\\\/\"]}]},{\"@type\":\"ImageObject\",\"inLanguage\":\"en-US\",\"@id\":\"https:\\\/\\\/mundovaquero.com\\\/index.php\\\/2026\\\/04\\\/27\\\/luk-vegas-y-joz-caro-se-suman-al-chihuahua-country-fest\\\/#primaryimage\",\"url\":\"https:\\\/\\\/mundovaquero.com\\\/wp-content\\\/uploads\\\/2026\\\/04\\\/6c2819ac-1b86-487c-8937-90698b6e8099-e1776116494167.png\",\"contentUrl\":\"https:\\\/\\\/mundovaquero.com\\\/wp-content\\\/uploads\\\/2026\\\/04\\\/6c2819ac-1b86-487c-8937-90698b6e8099-e1776116494167.png\",\"width\":1024,\"height\":763},{\"@type\":\"BreadcrumbList\",\"@id\":\"https:\\\/\\\/mundovaquero.com\\\/index.php\\\/2026\\\/04\\\/27\\\/luk-vegas-y-joz-caro-se-suman-al-chihuahua-country-fest\\\/#breadcrumb\",\"itemListElement\":[{\"@type\":\"ListItem\",\"position\":1,\"name\":\"Portada\",\"item\":\"https:\\\/\\\/mundovaquero.com\\\/\"},{\"@type\":\"ListItem\",\"position\":2,\"name\":\"Luk Vegas y Joz Caro se suman al Chihuahua Country Fest\"}]},{\"@type\":\"WebSite\",\"@id\":\"https:\\\/\\\/mundovaquero.com\\\/#website\",\"url\":\"https:\\\/\\\/mundovaquero.com\\\/\",\"name\":\"www.mundovaquero.com\",\"description\":\"El Sitio Oficial de los Vaqueros!\",\"publisher\":{\"@id\":\"https:\\\/\\\/mundovaquero.com\\\/#organization\"},\"potentialAction\":[{\"@type\":\"SearchAction\",\"target\":{\"@type\":\"EntryPoint\",\"urlTemplate\":\"https:\\\/\\\/mundovaquero.com\\\/?s={search_term_string}\"},\"query-input\":{\"@type\":\"PropertyValueSpecification\",\"valueRequired\":true,\"valueName\":\"search_term_string\"}}],\"inLanguage\":\"en-US\"},{\"@type\":\"Organization\",\"@id\":\"https:\\\/\\\/mundovaquero.com\\\/#organization\",\"name\":\"www.mundovaquero.com\",\"url\":\"https:\\\/\\\/mundovaquero.com\\\/\",\"logo\":{\"@type\":\"ImageObject\",\"inLanguage\":\"en-US\",\"@id\":\"https:\\\/\\\/mundovaquero.com\\\/#\\\/schema\\\/logo\\\/image\\\/\",\"url\":\"https:\\\/\\\/mundovaquero.com\\\/wp-content\\\/uploads\\\/2023\\\/01\\\/cropped-AVATAR-MVR-17-ANIV.jpeg\",\"contentUrl\":\"https:\\\/\\\/mundovaquero.com\\\/wp-content\\\/uploads\\\/2023\\\/01\\\/cropped-AVATAR-MVR-17-ANIV.jpeg\",\"width\":512,\"height\":512,\"caption\":\"www.mundovaquero.com\"},\"image\":{\"@id\":\"https:\\\/\\\/mundovaquero.com\\\/#\\\/schema\\\/logo\\\/image\\\/\"},\"sameAs\":[\"https:\\\/\\\/www.facebook.com\\\/mundovaquero\"]},{\"@type\":\"Person\",\"@id\":\"https:\\\/\\\/mundovaquero.com\\\/#\\\/schema\\\/person\\\/2925c383e13cf52adfee05ea75c946a7\",\"name\":\"lucamoes\",\"image\":{\"@type\":\"ImageObject\",\"inLanguage\":\"en-US\",\"@id\":\"https:\\\/\\\/secure.gravatar.com\\\/avatar\\\/e96f9646d8048a986c9820fcfbf1064670168dda668f4e845ea21776ff7810ed?s=96&d=mm&r=g\",\"url\":\"https:\\\/\\\/secure.gravatar.com\\\/avatar\\\/e96f9646d8048a986c9820fcfbf1064670168dda668f4e845ea21776ff7810ed?s=96&d=mm&r=g\",\"contentUrl\":\"https:\\\/\\\/secure.gravatar.com\\\/avatar\\\/e96f9646d8048a986c9820fcfbf1064670168dda668f4e845ea21776ff7810ed?s=96&d=mm&r=g\",\"caption\":\"lucamoes\"},\"sameAs\":[\"https:\\\/\\\/mundovaquero.com\"],\"url\":\"https:\\\/\\\/mundovaquero.com\\\/index.php\\\/author\\\/lucamoes\\\/\"}]}<\/script>\n<!-- \/ Yoast SEO plugin. -->","yoast_head_json":{"title":"Luk Vegas y Joz Caro se suman al Chihuahua Country Fest - www.mundovaquero.com","robots":{"index":"index","follow":"follow","max-snippet":"max-snippet:-1","max-image-preview":"max-image-preview:large","max-video-preview":"max-video-preview:-1"},"canonical":"https:\/\/mundovaquero.com\/index.php\/2026\/04\/27\/luk-vegas-y-joz-caro-se-suman-al-chihuahua-country-fest\/","og_locale":"en_US","og_type":"article","og_title":"Luk Vegas y Joz Caro se suman al Chihuahua Country Fest - www.mundovaquero.com","og_description":"El cartel del Chihuahua Country Fest 2026 contin\u00faa creciendo con la incorporaci\u00f3n de dos propuestas...","og_url":"https:\/\/mundovaquero.com\/index.php\/2026\/04\/27\/luk-vegas-y-joz-caro-se-suman-al-chihuahua-country-fest\/","og_site_name":"www.mundovaquero.com","article_publisher":"https:\/\/www.facebook.com\/mundovaquero","article_published_time":"2026-04-27T16:04:35+00:00","article_modified_time":"2026-04-27T16:07:38+00:00","og_image":[{"width":1024,"height":763,"url":"https:\/\/mundovaquero.com\/wp-content\/uploads\/2026\/04\/6c2819ac-1b86-487c-8937-90698b6e8099-e1776116494167.png","type":"image\/png"}],"author":"lucamoes","twitter_card":"summary_large_image","twitter_image":"https:\/\/mundovaquero.com\/wp-content\/uploads\/2026\/04\/6c2819ac-1b86-487c-8937-90698b6e8099-e1776116494167.png","twitter_misc":{"Written by":"lucamoes","Est. reading time":"1 minute"},"schema":{"@context":"https:\/\/schema.org","@graph":[{"@type":"Article","@id":"https:\/\/mundovaquero.com\/index.php\/2026\/04\/27\/luk-vegas-y-joz-caro-se-suman-al-chihuahua-country-fest\/#article","isPartOf":{"@id":"https:\/\/mundovaquero.com\/index.php\/2026\/04\/27\/luk-vegas-y-joz-caro-se-suman-al-chihuahua-country-fest\/"},"author":{"name":"lucamoes","@id":"https:\/\/mundovaquero.com\/#\/schema\/person\/2925c383e13cf52adfee05ea75c946a7"},"headline":"Luk Vegas y Joz Caro se suman al Chihuahua Country Fest","datePublished":"2026-04-27T16:04:35+00:00","dateModified":"2026-04-27T16:07:38+00:00","mainEntityOfPage":{"@id":"https:\/\/mundovaquero.com\/index.php\/2026\/04\/27\/luk-vegas-y-joz-caro-se-suman-al-chihuahua-country-fest\/"},"wordCount":191,"publisher":{"@id":"https:\/\/mundovaquero.com\/#organization"},"image":{"@id":"https:\/\/mundovaquero.com\/index.php\/2026\/04\/27\/luk-vegas-y-joz-caro-se-suman-al-chihuahua-country-fest\/#primaryimage"},"thumbnailUrl":"https:\/\/mundovaquero.com\/wp-content\/uploads\/2026\/04\/6c2819ac-1b86-487c-8937-90698b6e8099-e1776116494167.png","articleSection":["Noticia"],"inLanguage":"en-US"},{"@type":"WebPage","@id":"https:\/\/mundovaquero.com\/index.php\/2026\/04\/27\/luk-vegas-y-joz-caro-se-suman-al-chihuahua-country-fest\/","url":"https:\/\/mundovaquero.com\/index.php\/2026\/04\/27\/luk-vegas-y-joz-caro-se-suman-al-chihuahua-country-fest\/","name":"Luk Vegas y Joz Caro se suman al Chihuahua Country Fest - www.mundovaquero.com","isPartOf":{"@id":"https:\/\/mundovaquero.com\/#website"},"primaryImageOfPage":{"@id":"https:\/\/mundovaquero.com\/index.php\/2026\/04\/27\/luk-vegas-y-joz-caro-se-suman-al-chihuahua-country-fest\/#primaryimage"},"image":{"@id":"https:\/\/mundovaquero.com\/index.php\/2026\/04\/27\/luk-vegas-y-joz-caro-se-suman-al-chihuahua-country-fest\/#primaryimage"},"thumbnailUrl":"https:\/\/mundovaquero.com\/wp-content\/uploads\/2026\/04\/6c2819ac-1b86-487c-8937-90698b6e8099-e1776116494167.png","datePublished":"2026-04-27T16:04:35+00:00","dateModified":"2026-04-27T16:07:38+00:00","breadcrumb":{"@id":"https:\/\/mundovaquero.com\/index.php\/2026\/04\/27\/luk-vegas-y-joz-caro-se-suman-al-chihuahua-country-fest\/#breadcrumb"},"inLanguage":"en-US","potentialAction":[{"@type":"ReadAction","target":["https:\/\/mundovaquero.com\/index.php\/2026\/04\/27\/luk-vegas-y-joz-caro-se-suman-al-chihuahua-country-fest\/"]}]},{"@type":"ImageObject","inLanguage":"en-US","@id":"https:\/\/mundovaquero.com\/index.php\/2026\/04\/27\/luk-vegas-y-joz-caro-se-suman-al-chihuahua-country-fest\/#primaryimage","url":"https:\/\/mundovaquero.com\/wp-content\/uploads\/2026\/04\/6c2819ac-1b86-487c-8937-90698b6e8099-e1776116494167.png","contentUrl":"https:\/\/mundovaquero.com\/wp-content\/uploads\/2026\/04\/6c2819ac-1b86-487c-8937-90698b6e8099-e1776116494167.png","width":1024,"height":763},{"@type":"BreadcrumbList","@id":"https:\/\/mundovaquero.com\/index.php\/2026\/04\/27\/luk-vegas-y-joz-caro-se-suman-al-chihuahua-country-fest\/#breadcrumb","itemListElement":[{"@type":"ListItem","position":1,"name":"Portada","item":"https:\/\/mundovaquero.com\/"},{"@type":"ListItem","position":2,"name":"Luk Vegas y Joz Caro se suman al Chihuahua Country Fest"}]},{"@type":"WebSite","@id":"https:\/\/mundovaquero.com\/#website","url":"https:\/\/mundovaquero.com\/","name":"www.mundovaquero.com","description":"El Sitio Oficial de los Vaqueros!","publisher":{"@id":"https:\/\/mundovaquero.com\/#organization"},"potentialAction":[{"@type":"SearchAction","target":{"@type":"EntryPoint","urlTemplate":"https:\/\/mundovaquero.com\/?s={search_term_string}"},"query-input":{"@type":"PropertyValueSpecification","valueRequired":true,"valueName":"search_term_string"}}],"inLanguage":"en-US"},{"@type":"Organization","@id":"https:\/\/mundovaquero.com\/#organization","name":"www.mundovaquero.com","url":"https:\/\/mundovaquero.com\/","logo":{"@type":"ImageObject","inLanguage":"en-US","@id":"https:\/\/mundovaquero.com\/#\/schema\/logo\/image\/","url":"https:\/\/mundovaquero.com\/wp-content\/uploads\/2023\/01\/cropped-AVATAR-MVR-17-ANIV.jpeg","contentUrl":"https:\/\/mundovaquero.com\/wp-content\/uploads\/2023\/01\/cropped-AVATAR-MVR-17-ANIV.jpeg","width":512,"height":512,"caption":"www.mundovaquero.com"},"image":{"@id":"https:\/\/mundovaquero.com\/#\/schema\/logo\/image\/"},"sameAs":["https:\/\/www.facebook.com\/mundovaquero"]},{"@type":"Person","@id":"https:\/\/mundovaquero.com\/#\/schema\/person\/2925c383e13cf52adfee05ea75c946a7","name":"lucamoes","image":{"@type":"ImageObject","inLanguage":"en-US","@id":"https:\/\/secure.gravatar.com\/avatar\/e96f9646d8048a986c9820fcfbf1064670168dda668f4e845ea21776ff7810ed?s=96&d=mm&r=g","url":"https:\/\/secure.gravatar.com\/avatar\/e96f9646d8048a986c9820fcfbf1064670168dda668f4e845ea21776ff7810ed?s=96&d=mm&r=g","contentUrl":"https:\/\/secure.gravatar.com\/avatar\/e96f9646d8048a986c9820fcfbf1064670168dda668f4e845ea21776ff7810ed?s=96&d=mm&r=g","caption":"lucamoes"},"sameAs":["https:\/\/mundovaquero.com"],"url":"https:\/\/mundovaquero.com\/index.php\/author\/lucamoes\/"}]}},"_links":{"self":[{"href":"https:\/\/mundovaquero.com\/index.php\/wp-json\/wp\/v2\/posts\/1461","targetHints":{"allow":["GET"]}}],"collection":[{"href":"https:\/\/mundovaquero.com\/index.php\/wp-json\/wp\/v2\/posts"}],"about":[{"href":"https:\/\/mundovaquero.com\/index.php\/wp-json\/wp\/v2\/types\/post"}],"author":[{"embeddable":true,"href":"https:\/\/mundovaquero.com\/index.php\/wp-json\/wp\/v2\/users\/1"}],"replies":[{"embeddable":true,"href":"https:\/\/mundovaquero.com\/index.php\/wp-json\/wp\/v2\/comments?post=1461"}],"version-history":[{"count":2,"href":"https:\/\/mundovaquero.com\/index.php\/wp-json\/wp\/v2\/posts\/1461\/revisions"}],"predecessor-version":[{"id":1463,"href":"https:\/\/mundovaquero.com\/index.php\/wp-json\/wp\/v2\/posts\/1461\/revisions\/1463"}],"wp:featuredmedia":[{"embeddable":true,"href":"https:\/\/mundovaquero.com\/index.php\/wp-json\/wp\/v2\/media\/1408"}],"wp:attachment":[{"href":"https:\/\/mundovaquero.com\/index.php\/wp-json\/wp\/v2\/media?parent=1461"}],"wp:term":[{"taxonomy":"category","embeddable":true,"href":"https:\/\/mundovaquero.com\/index.php\/wp-json\/wp\/v2\/categories?post=1461"},{"taxonomy":"post_tag","embeddable":true,"href":"https:\/\/mundovaquero.com\/index.php\/wp-json\/wp\/v2\/tags?post=1461"}],"curies":[{"name":"wp","href":"https:\/\/api.w.org\/{rel}","templated":true}]}}