{"id":143,"date":"2020-02-20T19:43:09","date_gmt":"2020-02-20T19:43:09","guid":{"rendered":"https:\/\/mundovaquero.com\/?p=143"},"modified":"2020-02-20T19:43:09","modified_gmt":"2020-02-20T19:43:09","slug":"encabeza-bubba-nevarez-planilla-en-busca-de-presidencia-en-la-aerch","status":"publish","type":"post","link":"https:\/\/mundovaquero.com\/index.php\/2020\/02\/20\/encabeza-bubba-nevarez-planilla-en-busca-de-presidencia-en-la-aerch\/","title":{"rendered":"ENCABEZA &quot;BUBBA&quot; NEVAREZ PLANILLA EN BUSCA DE PRESIDENCIA EN LA AERCH"},"content":{"rendered":"\n<p>La mesa directiva de la Asociaci\u00f3n Estatal de Rodeo de Chihuahua se renovara este pr\u00f3ximo 20 de abril de 2020, y entre las planillas contendientes a ocupar dicha mesa directiva destaca la encabezada por Ricardo &#8220;Bubba&#8221; Nevarez, quien a trav\u00e9s de sus redes sociales ha hecho el llamado a todos los agremiados a participar con sus ideas e inquietudes para crear un plan que desarrolle de mejor manera el deporte del rodeo en el estado de Chihuahua. &#8220;Bubba&#8221; es acompa\u00f1ado en esta pretencion por el reconocido y multi campe\u00f3n de jineteo de toros Adrian Ferreiro en la vicepresidencia, ademas de Sandra Moriel sub campeona nacional de carrera de barriles quien fungir\u00eda como tesorera, Alejandro Grajeda como Secretario y Miguel de la Torre como comisario.<br \/>En entrevista para el programa &#8220;El Depa&#8221; conducido por Luis Salmon Flores &#8220;el Fish&#8221; Nevarez y Ferreiro presentaron varios de sus proyectos para que queden a consideraci\u00f3n de los representantes de las regiones del estado, quienes con su voto decidir\u00e1n quien integrara esta nueva mesa directiva en base a lo que los agremiados de cada regi\u00f3n consideren conveniente. La elecci\u00f3n se llevara a cabo este pr\u00f3ximo sabado 29 de febrero de 2020 en la asamblea convocada que tambi\u00e9n servir\u00e1 para el informe de actividades de la administraci\u00f3n saliente encabezada por Carlos Ochoa Crosby.<br \/>Aqui la entrevista completa a &#8220;Bubba Nevarez&#8221;:<br \/><br \/><\/p>\n\n\n\n<figure><iframe src=\"https:\/\/www.facebook.com\/plugins\/video.php?href=https%3A%2F%2Fwww.facebook.com%2Fluis.salmonflores%2Fvideos%2F3035463019797054%2F&amp;show_text=0&amp;width=560\" width=\"560\" height=\"315\" style=\"border:none;overflow:hidden\" scrolling=\"no\" frameborder=\"0\" allowtransparency=\"true\" allowfullscreen=\"true\"><\/iframe><\/figure>\n\n\n\n<p>\n\nCredito de entrevista: El Depa (Luis Salmon Flores)<\/p>\n\n\n\n<p><br \/><\/p>\n","protected":false},"excerpt":{"rendered":"<p>La mesa directiva de la Asociaci\u00f3n Estatal de Rodeo de Chihuahua se renovara este pr\u00f3ximo&#8230;<\/p>\n","protected":false},"author":2,"featured_media":144,"comment_status":"open","ping_status":"open","sticky":false,"template":"","format":"standard","meta":{"footnotes":""},"categories":[3],"tags":[],"class_list":["post-143","post","type-post","status-publish","format-standard","has-post-thumbnail","hentry","category-noticia"],"yoast_head":"<!-- This site is optimized with the Yoast SEO plugin v27.4 - https:\/\/yoast.com\/product\/yoast-seo-wordpress\/ -->\n<title>ENCABEZA &quot;BUBBA&quot; NEVAREZ PLANILLA EN BUSCA DE PRESIDENCIA EN LA AERCH - www.mundovaquero.com<\/title>\n<meta name=\"robots\" content=\"index, follow, max-snippet:-1, max-image-preview:large, max-video-preview:-1\" \/>\n<link rel=\"canonical\" href=\"https:\/\/mundovaquero.com\/index.php\/2020\/02\/20\/encabeza-bubba-nevarez-planilla-en-busca-de-presidencia-en-la-aerch\/\" \/>\n<meta property=\"og:locale\" content=\"en_US\" \/>\n<meta property=\"og:type\" content=\"article\" \/>\n<meta property=\"og:title\" content=\"ENCABEZA &quot;BUBBA&quot; NEVAREZ PLANILLA EN BUSCA DE PRESIDENCIA EN LA AERCH - www.mundovaquero.com\" \/>\n<meta property=\"og:description\" content=\"La mesa directiva de la Asociaci\u00f3n Estatal de Rodeo de Chihuahua se renovara este pr\u00f3ximo...\" \/>\n<meta property=\"og:url\" content=\"https:\/\/mundovaquero.com\/index.php\/2020\/02\/20\/encabeza-bubba-nevarez-planilla-en-busca-de-presidencia-en-la-aerch\/\" \/>\n<meta property=\"og:site_name\" content=\"www.mundovaquero.com\" \/>\n<meta property=\"article:publisher\" content=\"https:\/\/www.facebook.com\/mundovaquero\" \/>\n<meta property=\"article:published_time\" content=\"2020-02-20T19:43:09+00:00\" \/>\n<meta name=\"author\" content=\"mundovaquero\" \/>\n<meta name=\"twitter:card\" content=\"summary_large_image\" \/>\n<meta name=\"twitter:label1\" content=\"Written by\" \/>\n\t<meta name=\"twitter:data1\" content=\"mundovaquero\" \/>\n\t<meta name=\"twitter:label2\" content=\"Est. reading time\" \/>\n\t<meta name=\"twitter:data2\" content=\"1 minute\" \/>\n<script type=\"application\/ld+json\" class=\"yoast-schema-graph\">{\"@context\":\"https:\\\/\\\/schema.org\",\"@graph\":[{\"@type\":\"Article\",\"@id\":\"https:\\\/\\\/mundovaquero.com\\\/index.php\\\/2020\\\/02\\\/20\\\/encabeza-bubba-nevarez-planilla-en-busca-de-presidencia-en-la-aerch\\\/#article\",\"isPartOf\":{\"@id\":\"https:\\\/\\\/mundovaquero.com\\\/index.php\\\/2020\\\/02\\\/20\\\/encabeza-bubba-nevarez-planilla-en-busca-de-presidencia-en-la-aerch\\\/\"},\"author\":{\"name\":\"mundovaquero\",\"@id\":\"https:\\\/\\\/mundovaquero.com\\\/#\\\/schema\\\/person\\\/340997a0d074d56119927bc1d93b4d06\"},\"headline\":\"ENCABEZA &quot;BUBBA&quot; NEVAREZ PLANILLA EN BUSCA DE PRESIDENCIA EN LA AERCH\",\"datePublished\":\"2020-02-20T19:43:09+00:00\",\"mainEntityOfPage\":{\"@id\":\"https:\\\/\\\/mundovaquero.com\\\/index.php\\\/2020\\\/02\\\/20\\\/encabeza-bubba-nevarez-planilla-en-busca-de-presidencia-en-la-aerch\\\/\"},\"wordCount\":254,\"commentCount\":0,\"publisher\":{\"@id\":\"https:\\\/\\\/mundovaquero.com\\\/#organization\"},\"image\":{\"@id\":\"https:\\\/\\\/mundovaquero.com\\\/index.php\\\/2020\\\/02\\\/20\\\/encabeza-bubba-nevarez-planilla-en-busca-de-presidencia-en-la-aerch\\\/#primaryimage\"},\"thumbnailUrl\":\"\",\"articleSection\":[\"Noticia\"],\"inLanguage\":\"en-US\",\"potentialAction\":[{\"@type\":\"CommentAction\",\"name\":\"Comment\",\"target\":[\"https:\\\/\\\/mundovaquero.com\\\/index.php\\\/2020\\\/02\\\/20\\\/encabeza-bubba-nevarez-planilla-en-busca-de-presidencia-en-la-aerch\\\/#respond\"]}]},{\"@type\":\"WebPage\",\"@id\":\"https:\\\/\\\/mundovaquero.com\\\/index.php\\\/2020\\\/02\\\/20\\\/encabeza-bubba-nevarez-planilla-en-busca-de-presidencia-en-la-aerch\\\/\",\"url\":\"https:\\\/\\\/mundovaquero.com\\\/index.php\\\/2020\\\/02\\\/20\\\/encabeza-bubba-nevarez-planilla-en-busca-de-presidencia-en-la-aerch\\\/\",\"name\":\"ENCABEZA &quot;BUBBA&quot; NEVAREZ PLANILLA EN BUSCA DE PRESIDENCIA EN LA AERCH - www.mundovaquero.com\",\"isPartOf\":{\"@id\":\"https:\\\/\\\/mundovaquero.com\\\/#website\"},\"primaryImageOfPage\":{\"@id\":\"https:\\\/\\\/mundovaquero.com\\\/index.php\\\/2020\\\/02\\\/20\\\/encabeza-bubba-nevarez-planilla-en-busca-de-presidencia-en-la-aerch\\\/#primaryimage\"},\"image\":{\"@id\":\"https:\\\/\\\/mundovaquero.com\\\/index.php\\\/2020\\\/02\\\/20\\\/encabeza-bubba-nevarez-planilla-en-busca-de-presidencia-en-la-aerch\\\/#primaryimage\"},\"thumbnailUrl\":\"\",\"datePublished\":\"2020-02-20T19:43:09+00:00\",\"breadcrumb\":{\"@id\":\"https:\\\/\\\/mundovaquero.com\\\/index.php\\\/2020\\\/02\\\/20\\\/encabeza-bubba-nevarez-planilla-en-busca-de-presidencia-en-la-aerch\\\/#breadcrumb\"},\"inLanguage\":\"en-US\",\"potentialAction\":[{\"@type\":\"ReadAction\",\"target\":[\"https:\\\/\\\/mundovaquero.com\\\/index.php\\\/2020\\\/02\\\/20\\\/encabeza-bubba-nevarez-planilla-en-busca-de-presidencia-en-la-aerch\\\/\"]}]},{\"@type\":\"ImageObject\",\"inLanguage\":\"en-US\",\"@id\":\"https:\\\/\\\/mundovaquero.com\\\/index.php\\\/2020\\\/02\\\/20\\\/encabeza-bubba-nevarez-planilla-en-busca-de-presidencia-en-la-aerch\\\/#primaryimage\",\"url\":\"\",\"contentUrl\":\"\"},{\"@type\":\"BreadcrumbList\",\"@id\":\"https:\\\/\\\/mundovaquero.com\\\/index.php\\\/2020\\\/02\\\/20\\\/encabeza-bubba-nevarez-planilla-en-busca-de-presidencia-en-la-aerch\\\/#breadcrumb\",\"itemListElement\":[{\"@type\":\"ListItem\",\"position\":1,\"name\":\"Portada\",\"item\":\"https:\\\/\\\/mundovaquero.com\\\/\"},{\"@type\":\"ListItem\",\"position\":2,\"name\":\"ENCABEZA &quot;BUBBA&quot; NEVAREZ PLANILLA EN BUSCA DE PRESIDENCIA EN LA AERCH\"}]},{\"@type\":\"WebSite\",\"@id\":\"https:\\\/\\\/mundovaquero.com\\\/#website\",\"url\":\"https:\\\/\\\/mundovaquero.com\\\/\",\"name\":\"www.mundovaquero.com\",\"description\":\"El Sitio Oficial de los Vaqueros!\",\"publisher\":{\"@id\":\"https:\\\/\\\/mundovaquero.com\\\/#organization\"},\"potentialAction\":[{\"@type\":\"SearchAction\",\"target\":{\"@type\":\"EntryPoint\",\"urlTemplate\":\"https:\\\/\\\/mundovaquero.com\\\/?s={search_term_string}\"},\"query-input\":{\"@type\":\"PropertyValueSpecification\",\"valueRequired\":true,\"valueName\":\"search_term_string\"}}],\"inLanguage\":\"en-US\"},{\"@type\":\"Organization\",\"@id\":\"https:\\\/\\\/mundovaquero.com\\\/#organization\",\"name\":\"www.mundovaquero.com\",\"url\":\"https:\\\/\\\/mundovaquero.com\\\/\",\"logo\":{\"@type\":\"ImageObject\",\"inLanguage\":\"en-US\",\"@id\":\"https:\\\/\\\/mundovaquero.com\\\/#\\\/schema\\\/logo\\\/image\\\/\",\"url\":\"https:\\\/\\\/mundovaquero.com\\\/wp-content\\\/uploads\\\/2023\\\/01\\\/cropped-AVATAR-MVR-17-ANIV.jpeg\",\"contentUrl\":\"https:\\\/\\\/mundovaquero.com\\\/wp-content\\\/uploads\\\/2023\\\/01\\\/cropped-AVATAR-MVR-17-ANIV.jpeg\",\"width\":512,\"height\":512,\"caption\":\"www.mundovaquero.com\"},\"image\":{\"@id\":\"https:\\\/\\\/mundovaquero.com\\\/#\\\/schema\\\/logo\\\/image\\\/\"},\"sameAs\":[\"https:\\\/\\\/www.facebook.com\\\/mundovaquero\"]},{\"@type\":\"Person\",\"@id\":\"https:\\\/\\\/mundovaquero.com\\\/#\\\/schema\\\/person\\\/340997a0d074d56119927bc1d93b4d06\",\"name\":\"mundovaquero\",\"image\":{\"@type\":\"ImageObject\",\"inLanguage\":\"en-US\",\"@id\":\"https:\\\/\\\/secure.gravatar.com\\\/avatar\\\/e96f9646d8048a986c9820fcfbf1064670168dda668f4e845ea21776ff7810ed?s=96&d=mm&r=g\",\"url\":\"https:\\\/\\\/secure.gravatar.com\\\/avatar\\\/e96f9646d8048a986c9820fcfbf1064670168dda668f4e845ea21776ff7810ed?s=96&d=mm&r=g\",\"contentUrl\":\"https:\\\/\\\/secure.gravatar.com\\\/avatar\\\/e96f9646d8048a986c9820fcfbf1064670168dda668f4e845ea21776ff7810ed?s=96&d=mm&r=g\",\"caption\":\"mundovaquero\"},\"url\":\"https:\\\/\\\/mundovaquero.com\\\/index.php\\\/author\\\/mundovaquero\\\/\"}]}<\/script>\n<!-- \/ Yoast SEO plugin. -->","yoast_head_json":{"title":"ENCABEZA &quot;BUBBA&quot; NEVAREZ PLANILLA EN BUSCA DE PRESIDENCIA EN LA AERCH - www.mundovaquero.com","robots":{"index":"index","follow":"follow","max-snippet":"max-snippet:-1","max-image-preview":"max-image-preview:large","max-video-preview":"max-video-preview:-1"},"canonical":"https:\/\/mundovaquero.com\/index.php\/2020\/02\/20\/encabeza-bubba-nevarez-planilla-en-busca-de-presidencia-en-la-aerch\/","og_locale":"en_US","og_type":"article","og_title":"ENCABEZA &quot;BUBBA&quot; NEVAREZ PLANILLA EN BUSCA DE PRESIDENCIA EN LA AERCH - www.mundovaquero.com","og_description":"La mesa directiva de la Asociaci\u00f3n Estatal de Rodeo de Chihuahua se renovara este pr\u00f3ximo...","og_url":"https:\/\/mundovaquero.com\/index.php\/2020\/02\/20\/encabeza-bubba-nevarez-planilla-en-busca-de-presidencia-en-la-aerch\/","og_site_name":"www.mundovaquero.com","article_publisher":"https:\/\/www.facebook.com\/mundovaquero","article_published_time":"2020-02-20T19:43:09+00:00","author":"mundovaquero","twitter_card":"summary_large_image","twitter_misc":{"Written by":"mundovaquero","Est. reading time":"1 minute"},"schema":{"@context":"https:\/\/schema.org","@graph":[{"@type":"Article","@id":"https:\/\/mundovaquero.com\/index.php\/2020\/02\/20\/encabeza-bubba-nevarez-planilla-en-busca-de-presidencia-en-la-aerch\/#article","isPartOf":{"@id":"https:\/\/mundovaquero.com\/index.php\/2020\/02\/20\/encabeza-bubba-nevarez-planilla-en-busca-de-presidencia-en-la-aerch\/"},"author":{"name":"mundovaquero","@id":"https:\/\/mundovaquero.com\/#\/schema\/person\/340997a0d074d56119927bc1d93b4d06"},"headline":"ENCABEZA &quot;BUBBA&quot; NEVAREZ PLANILLA EN BUSCA DE PRESIDENCIA EN LA AERCH","datePublished":"2020-02-20T19:43:09+00:00","mainEntityOfPage":{"@id":"https:\/\/mundovaquero.com\/index.php\/2020\/02\/20\/encabeza-bubba-nevarez-planilla-en-busca-de-presidencia-en-la-aerch\/"},"wordCount":254,"commentCount":0,"publisher":{"@id":"https:\/\/mundovaquero.com\/#organization"},"image":{"@id":"https:\/\/mundovaquero.com\/index.php\/2020\/02\/20\/encabeza-bubba-nevarez-planilla-en-busca-de-presidencia-en-la-aerch\/#primaryimage"},"thumbnailUrl":"","articleSection":["Noticia"],"inLanguage":"en-US","potentialAction":[{"@type":"CommentAction","name":"Comment","target":["https:\/\/mundovaquero.com\/index.php\/2020\/02\/20\/encabeza-bubba-nevarez-planilla-en-busca-de-presidencia-en-la-aerch\/#respond"]}]},{"@type":"WebPage","@id":"https:\/\/mundovaquero.com\/index.php\/2020\/02\/20\/encabeza-bubba-nevarez-planilla-en-busca-de-presidencia-en-la-aerch\/","url":"https:\/\/mundovaquero.com\/index.php\/2020\/02\/20\/encabeza-bubba-nevarez-planilla-en-busca-de-presidencia-en-la-aerch\/","name":"ENCABEZA &quot;BUBBA&quot; NEVAREZ PLANILLA EN BUSCA DE PRESIDENCIA EN LA AERCH - www.mundovaquero.com","isPartOf":{"@id":"https:\/\/mundovaquero.com\/#website"},"primaryImageOfPage":{"@id":"https:\/\/mundovaquero.com\/index.php\/2020\/02\/20\/encabeza-bubba-nevarez-planilla-en-busca-de-presidencia-en-la-aerch\/#primaryimage"},"image":{"@id":"https:\/\/mundovaquero.com\/index.php\/2020\/02\/20\/encabeza-bubba-nevarez-planilla-en-busca-de-presidencia-en-la-aerch\/#primaryimage"},"thumbnailUrl":"","datePublished":"2020-02-20T19:43:09+00:00","breadcrumb":{"@id":"https:\/\/mundovaquero.com\/index.php\/2020\/02\/20\/encabeza-bubba-nevarez-planilla-en-busca-de-presidencia-en-la-aerch\/#breadcrumb"},"inLanguage":"en-US","potentialAction":[{"@type":"ReadAction","target":["https:\/\/mundovaquero.com\/index.php\/2020\/02\/20\/encabeza-bubba-nevarez-planilla-en-busca-de-presidencia-en-la-aerch\/"]}]},{"@type":"ImageObject","inLanguage":"en-US","@id":"https:\/\/mundovaquero.com\/index.php\/2020\/02\/20\/encabeza-bubba-nevarez-planilla-en-busca-de-presidencia-en-la-aerch\/#primaryimage","url":"","contentUrl":""},{"@type":"BreadcrumbList","@id":"https:\/\/mundovaquero.com\/index.php\/2020\/02\/20\/encabeza-bubba-nevarez-planilla-en-busca-de-presidencia-en-la-aerch\/#breadcrumb","itemListElement":[{"@type":"ListItem","position":1,"name":"Portada","item":"https:\/\/mundovaquero.com\/"},{"@type":"ListItem","position":2,"name":"ENCABEZA &quot;BUBBA&quot; NEVAREZ PLANILLA EN BUSCA DE PRESIDENCIA EN LA AERCH"}]},{"@type":"WebSite","@id":"https:\/\/mundovaquero.com\/#website","url":"https:\/\/mundovaquero.com\/","name":"www.mundovaquero.com","description":"El Sitio Oficial de los Vaqueros!","publisher":{"@id":"https:\/\/mundovaquero.com\/#organization"},"potentialAction":[{"@type":"SearchAction","target":{"@type":"EntryPoint","urlTemplate":"https:\/\/mundovaquero.com\/?s={search_term_string}"},"query-input":{"@type":"PropertyValueSpecification","valueRequired":true,"valueName":"search_term_string"}}],"inLanguage":"en-US"},{"@type":"Organization","@id":"https:\/\/mundovaquero.com\/#organization","name":"www.mundovaquero.com","url":"https:\/\/mundovaquero.com\/","logo":{"@type":"ImageObject","inLanguage":"en-US","@id":"https:\/\/mundovaquero.com\/#\/schema\/logo\/image\/","url":"https:\/\/mundovaquero.com\/wp-content\/uploads\/2023\/01\/cropped-AVATAR-MVR-17-ANIV.jpeg","contentUrl":"https:\/\/mundovaquero.com\/wp-content\/uploads\/2023\/01\/cropped-AVATAR-MVR-17-ANIV.jpeg","width":512,"height":512,"caption":"www.mundovaquero.com"},"image":{"@id":"https:\/\/mundovaquero.com\/#\/schema\/logo\/image\/"},"sameAs":["https:\/\/www.facebook.com\/mundovaquero"]},{"@type":"Person","@id":"https:\/\/mundovaquero.com\/#\/schema\/person\/340997a0d074d56119927bc1d93b4d06","name":"mundovaquero","image":{"@type":"ImageObject","inLanguage":"en-US","@id":"https:\/\/secure.gravatar.com\/avatar\/e96f9646d8048a986c9820fcfbf1064670168dda668f4e845ea21776ff7810ed?s=96&d=mm&r=g","url":"https:\/\/secure.gravatar.com\/avatar\/e96f9646d8048a986c9820fcfbf1064670168dda668f4e845ea21776ff7810ed?s=96&d=mm&r=g","contentUrl":"https:\/\/secure.gravatar.com\/avatar\/e96f9646d8048a986c9820fcfbf1064670168dda668f4e845ea21776ff7810ed?s=96&d=mm&r=g","caption":"mundovaquero"},"url":"https:\/\/mundovaquero.com\/index.php\/author\/mundovaquero\/"}]}},"_links":{"self":[{"href":"https:\/\/mundovaquero.com\/index.php\/wp-json\/wp\/v2\/posts\/143","targetHints":{"allow":["GET"]}}],"collection":[{"href":"https:\/\/mundovaquero.com\/index.php\/wp-json\/wp\/v2\/posts"}],"about":[{"href":"https:\/\/mundovaquero.com\/index.php\/wp-json\/wp\/v2\/types\/post"}],"author":[{"embeddable":true,"href":"https:\/\/mundovaquero.com\/index.php\/wp-json\/wp\/v2\/users\/2"}],"replies":[{"embeddable":true,"href":"https:\/\/mundovaquero.com\/index.php\/wp-json\/wp\/v2\/comments?post=143"}],"version-history":[{"count":0,"href":"https:\/\/mundovaquero.com\/index.php\/wp-json\/wp\/v2\/posts\/143\/revisions"}],"wp:featuredmedia":[{"embeddable":true,"href":"https:\/\/mundovaquero.com\/index.php\/wp-json\/"}],"wp:attachment":[{"href":"https:\/\/mundovaquero.com\/index.php\/wp-json\/wp\/v2\/media?parent=143"}],"wp:term":[{"taxonomy":"category","embeddable":true,"href":"https:\/\/mundovaquero.com\/index.php\/wp-json\/wp\/v2\/categories?post=143"},{"taxonomy":"post_tag","embeddable":true,"href":"https:\/\/mundovaquero.com\/index.php\/wp-json\/wp\/v2\/tags?post=143"}],"curies":[{"name":"wp","href":"https:\/\/api.w.org\/{rel}","templated":true}]}}